{"id":2231,"date":"2025-06-25T10:11:36","date_gmt":"2025-06-25T10:11:36","guid":{"rendered":"https:\/\/ris-ecomove.eu\/?p=2231"},"modified":"2025-09-26T18:08:51","modified_gmt":"2025-09-26T18:08:51","slug":"invitation-to-the-responsibility-in-motion-conference","status":"publish","type":"post","link":"https:\/\/ris-ecomove.eu\/index.php\/2025\/06\/25\/invitation-to-the-responsibility-in-motion-conference\/","title":{"rendered":"Invitation to the RESPONSIBILITY IN MOTION CONFERENCE"},"content":{"rendered":"\t\t<div data-elementor-type=\"wp-post\" data-elementor-id=\"2231\" class=\"elementor elementor-2231\">\n\t\t\t\t<div class=\"elementor-element elementor-element-28eb827 e-con-full e-flex e-con e-parent\" data-id=\"28eb827\" data-element_type=\"container\">\n\t\t\t\t<div class=\"elementor-element elementor-element-8c75f34 elementor-widget elementor-widget-html\" data-id=\"8c75f34\" data-element_type=\"widget\" data-widget_type=\"html.default\">\n\t\t\t\t<div class=\"elementor-widget-container\">\n\t\t\t\t\t<!DOCTYPE html>\n<html lang=\"hr\">\n<head>\n    <meta charset=\"UTF-8\">\n    <meta http-equiv=\"X-UA-Compatible\" content=\"IE=edge\">\n    <meta name=\"viewport\" content=\"width=device-width, initial-scale=1.0, maximum-scale=1.0, user-scalable=no\">\n    <link rel=\"preconnect\" href=\"https:\/\/fonts.googleapis.com\">\n    <link rel=\"preconnect\" href=\"https:\/\/fonts.gstatic.com\" crossorigin>\n    <link href=\"https:\/\/fonts.googleapis.com\/css2?family=Titillium+Web:ital,wght@0,200;0,300;0,400;0,600;0,700;0,900;1,200;1,300;1,400;1,600;1,700&display=swap\" rel=\"stylesheet\">\n    \n    <style>\n        body {\n            margin: 0;\n            font-family: 'Titillium Web', sans-serif;\n            align-items: center;\n        }\n        .toolbar {\n            display: flex;\n            justify-content: space-between;\n            align-items: center;\n            background-color: #1E356A;\n            color: #FFF;\n            padding: 20px;\n            position: fixed;\n            top: 0;\n            left: 0;\n            width:100%;\n            z-index: 1000;\n            box-shadow: 0 4px 8px rgba(0, 0, 0, 0.2);\n        }\n        .toolbar .logos {\n            display: flex;\n            gap: 10px;\n        }\n        .toolbar .menu {\n            cursor: pointer;\n        }\n        .toolbar .menu-container {\n        display: flex;\n        align-items: center;\n        gap: 10px; \/* Adds spacing between elements *\/\n    }\n    .language-buttons button {\n    background-color: #6BB745;\n    color: white;\n    border: none;\n    padding: 8px 12px;\n    font-size: 14px;\n    cursor: pointer;\n    border-radius: 5px;\n}\n\n.language-buttons button:hover {\n    opacity: 0.8;\n}\n        .popup {\n            display: none;\n            position: fixed;\n            top: 0;\n            right: 0; \/* Ensure the popup is anchored to the far-right *\/\n            width: 60%; \/* Control popup width *\/\n            height: 100%; \/* Full screen height *\/\n            color: #FFF;\n            z-index: 1000;\n            \n        }\n        .popup .popup-content {\n            display: flex;\n            flex-direction: row;\n            height: 100%;\n            position: relative;\n            width: 100%; \/* Ensure popup-content spans full width *\/\n            padding: 0; \/* Remove any unwanted padding *\/\n            margin: 0; \/* Remove any unwanted margin *\/\n        }\n        .popup .column {\n            flex: 1; \/* Distribute available space equally *\/\n            padding: 20px;\n            justify-content: center;\n            align-items: flex-start;\n            text-align: center;\n        }\n        .popup .column-1 {\n\t\t\tcolor: #FFF !important; \n\t\t\ttext-decoration: none;\t\t\t\n            background-color: #1E356A;\n            box-shadow: -10px 0 20px rgba(0, 0, 0, 0.5);\n        }\n\t\t.popup .column-1 a {\n    color: #FFF !important; \/* Force all links to be white *\/\n    text-decoration: none !important; \/* Remove underline *\/\n}\n        .popup .column-2 {\n            background-color: #6BB745;\n            box-shadow: -10px 0 20px rgba(0, 0, 0, 0.5);\n        }\n        .popup .close-button {\n            position: absolute;\n            top: 10px;\n            right: 20px;\n            font-size: 30px;\n            cursor: pointer;\n            color: #FFF;\n        }\n        .course-svg {\n            width: 30px;\n            height: auto;\n            margin-right: 10px;\n        }\n        .courses-container {\n            display: flex;\n            align-items: center;\n            justify-content: center; \/* Center horizontally *\/\n            margin-bottom: 15px; \/* Space between course rows *\/\n        }\n        .courses-text {\n    font-size: 16px;\n    margin: 10px 0; \/* Add spacing between courses *\/\n    display: inline-block; \/* Ensures proper alignment *\/\n}\n        .menu-text {\n            text-decoration-line: none;\n            color: #fff;\n            margin-top: 20px;\n        }\n        @media (max-width: 768px) {\n    .popup {\n        width: 100%; \/* Full width on smaller screens *\/\n        height: 100vh; \/* Full screen height on mobile *\/\n        right: 0;\n    }\n    .popup .popup-content {\n        flex-direction: column; \/* Stack columns vertically *\/\n    }\n    .popup .column-1 {\n        flex: none;\n        height: 50%;\n    }\n    .popup .column-2 {\n        flex: none;\n        height: 50%;\n        padding: 10px;\n    }\n}\n    <\/style>\n<\/head>\n<body>\n    <div class=\"toolbar\">\n        <div>\n            <a class=\"logos\" style=\"width: auto; height: 30px;\" href=\"https:\/\/ris-ecomove.eu\/\">\n                <img decoding=\"async\" src=\"\/wp-content\/uploads\/2025\/01\/RIS ECOMOVE project\/5 Logo - small - variations\/RisEcoMove-Small-Logo-green-white-apng.png\n\n\" alt=\"Logo EcoMove small green dots transparent background\" class=\"svg-icon\" title=\"\">\n            <\/a>\n        <\/div>\n        <div class=\"menu-container\">\n    <div class=\"language-buttons\">\n        <button onclick=\"window.location.href='https:\/\/ris-ecomove.eu\/index.php\/2025\/03\/04\/cycling-to-work-for-improved-productivity-and-well-being\/'\">EN<\/button>\n        <button onclick=\"changeLanguage('cro')\">HR<\/button>\n    <\/div>\n    <div class=\"menu\" id=\"menu-button\" onclick=\"togglePopup()\"> \u2630<\/div>\n<\/div>\n\n    <div class=\"popup\" id=\"popup\">\n        <div class=\"popup-content\">\n            <div class=\"close-button\" onclick=\"togglePopup()\">\u00d7<\/div>\n            <div class=\"column column-1\">\n                <a href=\"https:\/\/ris-ecomove.eu\/index.php\/programi\/\"> <h1>PROGRAMI<\/h1> <\/a>\n                <div class=\"courses-container\" href=\"https:\/\/ris-ecomove.eu\/index.php\/programi\/#Program1\">\n                    <img decoding=\"async\" src=\"\/wp-content\/uploads\/2025\/01\/RIS ECOMOVE project\/6 Icons (courses)\/Dark background\/RisEcoMove-Icon-White1.svg\" alt=\"\" class=\"course-svg\" title=\"\">\n                    <a href=\"https:\/\/ris-ecomove.eu\/index.php\/program\/#Program1\" class=\"courses-text\">PROGRAM 1<\/a>\n                <\/div>\n                <div class=\"courses-container\" href=\"https:\/\/ris-ecomove.eu\/index.php\/programi\/#Program2\">\n                    <img decoding=\"async\" src=\"\/wp-content\/uploads\/2025\/01\/RIS ECOMOVE project\/6 Icons (courses)\/Dark background\/RisEcoMove-Icon-White2.svg\" alt=\"\" class=\"course-svg\" title=\"\">\n                    <a href=\"https:\/\/ris-ecomove.eu\/index.php\/programi\/#Program2\" class=\"courses-text\">PROGRAM 2<\/a>\n                <\/div>\n                <div class=\"courses-container\" href=\"https:\/\/ris-ecomove.eu\/index.php\/programi\/#Program3\">\n                    <img decoding=\"async\" src=\"\/wp-content\/uploads\/2025\/01\/RIS ECOMOVE project\/6 Icons (courses)\/Dark background\/RisEcoMove-Icon-White3.svg\" alt=\"\" class=\"course-svg\" title=\"\">\n                    <a href=\"https:\/\/ris-ecomove.eu\/index.php\/programi\/#Program3\" class=\"courses-text\">PROGRAM 3<\/a>\n                <\/div>\n                <div class=\"courses-container\" href=\"https:\/\/ris-ecomove.eu\/index.php\/programi\/#Program4\">\n                    <img decoding=\"async\" src=\"\/wp-content\/uploads\/2025\/01\/RIS ECOMOVE project\/6 Icons (courses)\/Dark background\/RisEcoMove-Icon-White4.svg\" alt=\"\" class=\"course-svg\" title=\"\">\n                    <a href=\"https:\/\/ris-ecomove.eu\/index.php\/programi\/#Program4\" class=\"courses-text\">PROGRAM 4<\/a>\n                <\/div>\n            <\/div>\n            <div class=\"column column-2\">\n                <h1>IZBORNIK<\/h1>\n                <div style=\"margin-top:0px;\"><a href=\"https:\/\/ris-ecomove.eu\/index.php\/naslovnica\/\" class=\"menu-text\" style=\"text-decoration-line: none;color: #fff;\">Naslovnica<\/a><\/div>\n                <div style=\"margin-top:20px;\"><a href=\"https:\/\/ris-ecomove.eu\/index.php\/partneri\/\" class=\"menu-text\" style=\"text-decoration-line: none;color: #fff;\">Partneri<\/a><\/div>\n                <div style=\"margin-top:20px;\"><a href=\"https:\/\/ris-ecomove.eu\/index.php\/novosti\/\" class=\"menu-text\" style=\"text-decoration-line: none;color: #fff;\">Novosti<\/a><\/div>\n                <div style=\"margin-top:20px;\"><a href=\"https:\/\/ris-ecomove.eu\/index.php\/prijava\/\" class=\"menu-text\" style=\"text-decoration-line: none;color: #fff;\">Prijava<\/a><\/div>\n            <\/div>\n        <\/div>\n    <\/div>\n\n    <script>\n        function togglePopup() {\n            const popup = document.getElementById('popup');\n            popup.style.display = popup.style.display === 'none' || popup.style.display === '' ? 'flex' : 'none';\n        }\n\n        document.addEventListener('click', function(event) {\n            const popup = document.getElementById('popup');\n            const popupContent = document.querySelector('.popup-content');\n            const menuButton = document.getElementById('menu-button');\n\n            if (popup.style.display === 'flex' && !popupContent.contains(event.target) && event.target !== menuButton) {\n                togglePopup();\n            }\n        });\n\n        document.querySelector('.popup-content').addEventListener('click', function(event) {\n            event.stopPropagation();\n        });\n    <\/script>\n<\/body>\n<\/html>\n\t\t\t\t<\/div>\n\t\t\t\t<\/div>\n\t\t\t\t<\/div>\n\t\t<div class=\"elementor-element elementor-element-6526bf5 e-con-full e-flex e-con e-parent\" data-id=\"6526bf5\" data-element_type=\"container\" data-settings=\"{&quot;background_background&quot;:&quot;classic&quot;}\">\n\t\t\t\t<div class=\"elementor-element elementor-element-94c55f0 elementor-widget__width-initial elementor-widget elementor-widget-heading\" data-id=\"94c55f0\" data-element_type=\"widget\" data-widget_type=\"heading.default\">\n\t\t\t\t<div class=\"elementor-widget-container\">\n\t\t\t\t\t<h2 class=\"elementor-heading-title elementor-size-default\">You're invited to the RESPONSIBILITY IN MOTION conference!<\/h2>\t\t\t\t<\/div>\n\t\t\t\t<\/div>\n\t\t\t\t<\/div>\n\t\t<div class=\"elementor-element elementor-element-dc1ca6a e-con-full e-flex e-con e-parent\" data-id=\"dc1ca6a\" data-element_type=\"container\">\n\t\t\t\t<div class=\"elementor-element elementor-element-ada60ef elementor-widget__width-initial elementor-widget elementor-widget-text-editor\" data-id=\"ada60ef\" data-element_type=\"widget\" data-widget_type=\"text-editor.default\">\n\t\t\t\t<div class=\"elementor-widget-container\">\n\t\t\t\t\t\t\t\t\t<p data-start=\"55\" data-end=\"219\"><strong data-start=\"55\" data-end=\"219\">During this year\u2019s European Mobility Week in Zagreb, you can join us at the international RESPONSIBILITY IN MOTION conference, to be held on September 16, 2025.<\/strong><\/p><p data-start=\"221\" data-end=\"387\">Our aim is to showcase best practices of socially responsible businesses and corporate mobility, as well as to highlight the factors that lead to failure.<\/p><p data-start=\"389\" data-end=\"759\" data-is-last-node=\"\" data-is-only-node=\"\">Above all, the conference will serve as a platform for dialogue and networking \u2014 bringing together representatives of the European startup scene, companies subject to sustainability reporting obligations, public administration, and the media, whose educational and informational role is crucial in the process of decarbonising businesses, mobility, and society as a whole.<\/p>\t\t\t\t\t\t\t\t<\/div>\n\t\t\t\t<\/div>\n\t\t\t\t<\/div>\n\t\t<div class=\"elementor-element elementor-element-6a9045b e-con-full e-flex e-con e-parent\" data-id=\"6a9045b\" data-element_type=\"container\">\n\t\t\t\t<div class=\"elementor-element elementor-element-baea35f elementor-widget__width-inherit elementor-widget elementor-widget-image\" data-id=\"baea35f\" data-element_type=\"widget\" data-widget_type=\"image.default\">\n\t\t\t\t<div class=\"elementor-widget-container\">\n\t\t\t\t\t\t\t\t\t\t\t\t\t\t\t<img fetchpriority=\"high\" decoding=\"async\" width=\"1600\" height=\"1067\" src=\"https:\/\/ris-ecomove.eu\/wp-content\/uploads\/2025\/06\/Responsibility-in-Motion-Conference-rev-3.png\" class=\"attachment-full size-full wp-image-2306\" alt=\"\" srcset=\"https:\/\/ris-ecomove.eu\/wp-content\/uploads\/2025\/06\/Responsibility-in-Motion-Conference-rev-3.png 1600w, https:\/\/ris-ecomove.eu\/wp-content\/uploads\/2025\/06\/Responsibility-in-Motion-Conference-rev-3-300x200.png 300w, https:\/\/ris-ecomove.eu\/wp-content\/uploads\/2025\/06\/Responsibility-in-Motion-Conference-rev-3-1024x683.png 1024w, https:\/\/ris-ecomove.eu\/wp-content\/uploads\/2025\/06\/Responsibility-in-Motion-Conference-rev-3-768x512.png 768w, https:\/\/ris-ecomove.eu\/wp-content\/uploads\/2025\/06\/Responsibility-in-Motion-Conference-rev-3-1536x1024.png 1536w\" sizes=\"(max-width: 1600px) 100vw, 1600px\" title=\"\">\t\t\t\t\t\t\t\t\t\t\t\t\t\t\t<\/div>\n\t\t\t\t<\/div>\n\t\t\t\t<\/div>\n\t\t<div class=\"elementor-element elementor-element-5e5bdfc e-con-full e-flex e-con e-parent\" data-id=\"5e5bdfc\" data-element_type=\"container\">\n\t\t\t\t<div class=\"elementor-element elementor-element-97136eb elementor-widget__width-initial elementor-widget elementor-widget-text-editor\" data-id=\"97136eb\" data-element_type=\"widget\" data-widget_type=\"text-editor.default\">\n\t\t\t\t<div class=\"elementor-widget-container\">\n\t\t\t\t\t\t\t\t\t<p data-start=\"56\" data-end=\"222\"><strong data-start=\"56\" data-end=\"220\">The Responsibility in Motion programme is designed as a dynamic and interactive one-day event that encourages the exchange of ideas, experiences, and contacts:<\/strong><\/p><p><span style=\"color: #808080;\"><em>09:00 \u2013 09:30 Welcome coffee in the lobby<\/em><\/span><\/p><h5><strong>09:30 \u2013 10:10 OPENING AND INTRO PANEL &#8220;Who should care for corporate mobility?&#8221;<\/strong><\/h5><p style=\"padding-left: 80px;\">Panelists: <a href=\"https:\/\/www.linkedin.com\/in\/natasa-novakovic-mba-4997a213\/\" target=\"_blank\" rel=\"noopener\">Nata\u0161a Novakovi\u0107<\/a>\u00a0\/\u00a0<a href=\"https:\/\/www.hup.hr\/\" target=\"_blank\" rel=\"noopener\">HUP<\/a> &amp;\u00a0<a href=\"https:\/\/www.linkedin.com\/in\/martina-%C4%91opar-7442bb18a\/?originalSubdomain=hr\" target=\"_blank\" rel=\"noopener\">Martina \u0110opar<\/a>\u00a0\/\u00a0<a href=\"https:\/\/www.hgk.hr\/\" target=\"_blank\" rel=\"noopener\">HGK<\/a><\/p><p style=\"padding-left: 80px;\">Moderator:\u00a0<a href=\"https:\/\/www.linkedin.com\/in\/djurogavran\/\" target=\"_blank\" rel=\"noopener\">\u0110uro Gavran<\/a>\u00a0\/\u00a0<a href=\"https:\/\/esgfilms.eu\/\" target=\"_blank\" rel=\"noopener\">ESG Films<\/a><\/p><h5><strong>10:15 \u2013 12:30 PART 1 \/ CORPORATE SOCIAL RESPONSIBILITY TRAINING GROUND (in Croatian)<\/strong><\/h5><p style=\"padding-left: 80px;\"><strong>10:15 \u2013 10:45 \u00a0Keynote speakers:<\/strong><\/p><p style=\"padding-left: 120px;\"><a href=\"https:\/\/www.linkedin.com\/in\/vedrankirincic\/\" target=\"_blank\" rel=\"noopener\">Vedran Kirin\u010di\u0107<\/a>\u00a0\/\u00a0<a href=\"https:\/\/riteh.uniri.hr\/\" target=\"_blank\" rel=\"noopener\">RITEH<\/a><\/p><p style=\"padding-left: 120px;\"><a href=\"https:\/\/www.linkedin.com\/in\/petra-grgasovic-3970ba60\/\" target=\"_blank\" rel=\"noopener\">Petra Grgasovi\u0107<\/a>\u00a0\/\u00a0<a href=\"https:\/\/erkon.hr\/\" target=\"_blank\" rel=\"noopener\">Erkon d.o.o.<\/a><\/p><p style=\"padding-left: 120px;\"><a href=\"https:\/\/www.linkedin.com\/in\/nikolina-markota-vuki%C4%87-24364760\/?originalSubdomain=hr\" target=\"_blank\" rel=\"noopener\">Nikolina Markota Vuki\u0107<\/a>\u00a0\/\u00a0<a href=\"https:\/\/idop.hr\/\" target=\"_blank\" rel=\"noopener\">IDOP<\/a><\/p><p style=\"padding-left: 80px;\"><strong>10:45 \u2013 12:30 Parallel sessions*<\/strong><\/p><p style=\"padding-left: 120px;\">Workshop 1: Decarbonisation of Corporate Fleets \/ led by Vedran Kirin\u010di\u0107 (RITEH)<\/p><p style=\"padding-left: 120px;\">Workshop 2: Green Mobility Plans\/ led by Petra Grgasovi\u0107 &amp; Neven Zenko (Erkon d.o.o.)<\/p><p style=\"padding-left: 120px;\">Workshop 3: Mobility &amp; ESG \/ led by Nikolina Markota Vuki\u0107 &amp; \u00a0<a href=\"https:\/\/www.linkedin.com\/in\/matea-%C5%A1mitran\/?originalSubdomain=hr\" target=\"_blank\" rel=\"noopener\">Matea \u0160mitran<\/a>\u00a0(IDOP)<\/p><p><span style=\"color: #808080;\"><em>12:30 \u2013 13:15 Buffet lunch<\/em><\/span><\/p><h5><strong>13:15 \u2013 15:30 PART 2 \/ INNOVATORS\u2019 PITCH<\/strong> (in English)<\/h5><p style=\"padding-left: 80px;\"><strong>13:15 \u2013 13:30 Opening<\/strong><\/p><p style=\"padding-left: 80px;\"><strong>13:30 \u2013 14:15 Pitching contest**<\/strong><\/p><p style=\"padding-left: 80px;\">Startups: <a href=\"https:\/\/bikademy.com\/\" target=\"_blank\" rel=\"noopener\">Bikademy<\/a> \/ <a href=\"https:\/\/carmonitor.eu\/\" target=\"_blank\" rel=\"noopener\">CarMonitor<\/a> \/ <a href=\"https:\/\/mobilityone.io\/\" target=\"_blank\" rel=\"noopener\">mobilityONE<\/a> \/ <a href=\"https:\/\/project-o2.org\/\" target=\"_blank\" rel=\"noopener\">ProjectO2<\/a> \/ <a href=\"https:\/\/structq.com\/\" target=\"_blank\" rel=\"noopener\">StructQ<\/a><\/p><p style=\"padding-left: 80px;\">Jury members: <a href=\"https:\/\/www.linkedin.com\/in\/nikola-draskovic-60b59b8\/?originalSubdomain=hr\" target=\"_blank\" rel=\"noopener\">Nikola Dra\u0161kovi\u0107<\/a> \/ <a href=\"https:\/\/www.linkedin.com\/in\/helena-matu%C5%A1a-38445864\/?originalSubdomain=hr\" target=\"_blank\" rel=\"noopener\">Helena Matu\u0161a<\/a> \/ <a href=\"https:\/\/www.linkedin.com\/in\/andreja-pavlovi%C4%87-2447906\/?originalSubdomain=hr\" target=\"_blank\" rel=\"noopener\">Andreja Pavlovi\u0107<\/a> \/ <a href=\"https:\/\/www.linkedin.com\/in\/drazen-simicevic\/\" target=\"_blank\" rel=\"noopener\">Dra\u017een \u0160imi\u010devi\u0107<\/a> \/ <a href=\"https:\/\/www.linkedin.com\/in\/sven-harja%C4%8Dek-bb924b158\/?originalSubdomain=hr\" target=\"_blank\" rel=\"noopener\">Sven Harja\u010dek<\/a><\/p><p style=\"padding-left: 80px;\"><strong>14:15 \u2013 14:45 Panel \u201cThe Innovation Imperative for CSR\u201d<\/strong><\/p><p style=\"padding-left: 120px;\">Panelists: <a href=\"https:\/\/www.linkedin.com\/in\/helena-matu%C5%A1a-38445864\/\" target=\"_blank\" rel=\"noopener\">Helena Matu\u0161a<\/a> \/ <a href=\"https:\/\/poduzetnickicentar-kzz.hr\/\" target=\"_blank\" rel=\"noopener\">PCKZ\u017d<\/a>, <a href=\"https:\/\/www.linkedin.com\/in\/andreja-pavlovi%C4%87-2447906\/?originalSubdomain=hr\" target=\"_blank\" rel=\"noopener\">Andreja Pavlovi\u0107<\/a> \/ <a href=\"https:\/\/oikon.hr\/hr\/https:\/\/oikon.hr\/hr\/\" target=\"_blank\" rel=\"noopener\">OIKON<\/a>, <a href=\"https:\/\/www.linkedin.com\/in\/vadims-morozovs\/?originalSubdomain=lv\" target=\"_blank\" rel=\"noopener\">Vadims Morozovs<\/a>\u00a0\/ <a href=\"https:\/\/carmonitor.eu\/\" target=\"_blank\" rel=\"noopener\">CarMonitor<\/a>, <a href=\"https:\/\/www.linkedin.com\/in\/anita-knezovi%C4%87-phd-90142411\/\" target=\"_blank\" rel=\"noopener\">Anita Knezovi\u0107<\/a> \/ <a href=\"https:\/\/esgpoint.hr\/\" target=\"_blank\" rel=\"noopener\">ESGpoint<\/a><\/p><p style=\"padding-left: 120px;\">Moderator: Petra Grgasovi\u0107 \/ Erkon d.o.o.<\/p><p style=\"padding-left: 80px;\"><strong>14:45 \u2013 15:15 Announcement of the winners &amp; wrap up<\/strong><\/p><p data-start=\"53\" data-end=\"591\">*Three parallel workshops are intended for representatives of private and public organizations that want to take the first step in creating a green mobility plan, decarbonizing their corporate fleet, or improving their ESG performance. Through interactive exercises and experience-sharing, learn the basics of green corporate mobility that bring savings, increased employee satisfaction, a healthier environment, and better quality of life in cities. Establish contacts that can support your future efforts toward sustainable business.<\/p><p data-start=\"593\" data-end=\"1217\">** We have invited sustainability-focused startups to demonstrate how their solutions can help private and public organizations make their business more beneficial for society and the environment, more competitive, and easier to navigate in times of change and growing regulatory requirements. The startups will present themselves through five-minute pitches and answer several questions from the jury. Based on predefined criteria, the jury will select the startup with the greatest potential to make an impact in the field of corporate social responsibility. The selected startup will be awarded a cash prize of \u20ac2,000.<\/p><h5 data-start=\"53\" data-end=\"326\"><strong>BIKADEMY CHALLENGE FOR ALL PARTICIPANTS!<\/strong><\/h5><p data-start=\"53\" data-end=\"326\">On Monday, September 16, we are launching the <a href=\"https:\/\/bikademy.com\" target=\"_blank\" rel=\"noopener\">Bikademy<\/a> prize challenge for all participants, which will run throughout the entire European Mobility Week, until September 22. The participation process, rules, and prizes will be presented at the conference!<\/p><p data-start=\"328\" data-end=\"492\">The conference is funded by <a href=\"https:\/\/www.eiturbanmobility.eu\" target=\"_blank\" rel=\"noopener\">EIT Urban Mobility<\/a>, within the framework of the RIS ECOMOVE project and in collaboration with the <a href=\"https:\/\/www.eiturbanmobility.eu\/what-we-offer\/support-to-startups\/accelerate-startup\/future-mobility\/\" target=\"_blank\" rel=\"noopener\">ACCELERATE2MOVE<\/a> project.<\/p><p data-start=\"494\" data-end=\"668\">Participation in the conference is free of charge, and you can express your interest in active participation or reserve your spot <strong><a href=\"https:\/\/forms.cloud.microsoft\/r\/hyJ96xrEXV\" target=\"_blank\" rel=\"noopener\">HERE<\/a><\/strong>. Thank you, and see you soon!<\/p>\t\t\t\t\t\t\t\t<\/div>\n\t\t\t\t<\/div>\n\t\t\t\t<\/div>\n\t\t<div class=\"elementor-element elementor-element-5349992 e-con-full e-flex e-con e-parent\" data-id=\"5349992\" data-element_type=\"container\">\n\t\t\t\t<div class=\"elementor-element elementor-element-30a2d0d elementor-widget__width-initial elementor-widget elementor-widget-shortcode\" data-id=\"30a2d0d\" data-element_type=\"widget\" data-widget_type=\"shortcode.default\">\n\t\t\t\t<div class=\"elementor-widget-container\">\n\t\t\t\t\t\t\t<div class=\"elementor-shortcode\">\r\n                \r\n                    <!--begin code -->\r\n\r\n                    \r\n                    <div class=\"pp-multiple-authors-boxes-wrapper pp-multiple-authors-wrapper pp-multiple-authors-layout-centered multiple-authors-target-shortcode box-post-id-1196 box-instance-id-1 ppma_boxes_1196\"\r\n                    data-post_id=\"1196\"\r\n                    data-instance_id=\"1\"\r\n                    data-additional_class=\"pp-multiple-authors-layout-centered.multiple-authors-target-shortcode\"\r\n                    data-original_class=\"pp-multiple-authors-boxes-wrapper pp-multiple-authors-wrapper box-post-id-1196 box-instance-id-1\">\r\n                                                                                    <h2 class=\"widget-title box-header-title\">Autor<\/h2>\r\n                                                                            <span class=\"ppma-layout-prefix\"><\/span>\r\n                        <div class=\"ppma-author-category-wrap\">\r\n                                                                                                                                    <span class=\"ppma-category-group ppma-category-group-1 category-index-0\">\r\n                                                                                                                        <ul class=\"pp-multiple-authors-boxes-ul author-ul-0\">\r\n                                                                                                                                                                                                                                                                                                                                                                                                                                                                                                                                                                    \r\n                                                                                                                    <li class=\"pp-multiple-authors-boxes-li author_index_0 author_admin_kfncaj0l has-avatar\">\r\n                                                                                                                                                                                    <div class=\"pp-author-boxes-avatar\">\r\n                                                                    <div class=\"avatar-image\">\r\n                                                                                                                                                                                                                <img decoding=\"async\" alt=\"Picture-Petra-Grgasovic-CEO\" src=\"https:\/\/ris-ecomove.eu\/wp-content\/uploads\/2025\/02\/Picture-Petra-Grgasovic-CEO.jpg\" srcset=\"https:\/\/ris-ecomove.eu\/wp-content\/uploads\/2025\/02\/Picture-Petra-Grgasovic-CEO.jpg\" class=\"multiple_authors_guest_author_avatar avatar\" height=\"80\" width=\"80\" title=\"\">                                                                                                                                                                                                            <\/div>\r\n                                                                                                                                    <\/div>\r\n                                                            \r\n                                                            <div class=\"pp-author-boxes-avatar-details\">\r\n                                                                <div class=\"pp-author-boxes-name multiple-authors-name\"><a href=\"https:\/\/ris-ecomove.eu\/author\/admin_kfncaj0l\/\" rel=\"author\" title=\"Petra Grgasovi\u0107\" class=\"author url fn\">Petra Grgasovi\u0107<\/a><\/div>                                                                                                                                                                                                        <p class=\"pp-author-boxes-description multiple-authors-description author-description-0\">\r\n                                                                                                                                                                                                                                                                                                    <\/p>\r\n                                                                                                                                \r\n                                                                                                                                    <span class=\"pp-author-boxes-meta multiple-authors-links\">\r\n                                                                        <a href=\"https:\/\/ris-ecomove.eu\/author\/admin_kfncaj0l\/\" title=\"View all posts\">\r\n                                                                            <span>View all posts<\/span>\r\n                                                                        <\/a>\r\n                                                                    <\/span>\r\n                                                                                                                                <a class=\"ppma-author-user_url-profile-data ppma-author-field-meta ppma-author-field-type-url\" aria-label=\"Website\" href=\"https:\/\/erkon.hr\/\" target=\"_self\" rel=\"noopener\"><span class=\"dashicons dashicons-admin-links\"><\/span> <\/a>\r\n                                                                                                                            <\/div>\r\n                                                                                                                                                                                                                        <\/li>\r\n                                                                                                                                                                                                                                    <\/ul>\r\n                                                                            <\/span>\r\n                                                                                                                        <\/div>\r\n                        <span class=\"ppma-layout-suffix\"><\/span>\r\n                                            <\/div>\r\n                    <!--end code -->\r\n                    \r\n                \r\n                            \r\n        <\/div>\n\t\t\t\t\t\t<\/div>\n\t\t\t\t<\/div>\n\t\t\t\t<\/div>\n\t\t<div class=\"elementor-element elementor-element-8b7ec18 e-con-full e-flex e-con e-parent\" data-id=\"8b7ec18\" data-element_type=\"container\">\n\t\t\t\t<div class=\"elementor-element elementor-element-beb391e elementor-widget elementor-widget-html\" data-id=\"beb391e\" data-element_type=\"widget\" data-widget_type=\"html.default\">\n\t\t\t\t<div class=\"elementor-widget-container\">\n\t\t\t\t\t<!DOCTYPE html>\r\n<html lang=\"hr\">\r\n    <head>\r\n        <meta charset=\"UTF-8\">\r\n    <meta http-equiv=\"X-UA-Compatible\" content=\"IE=edge\">\r\n    <meta name=\"viewport\" content=\"width=device-width, initial-scale=1.0, maximum-scale=1.0, user-scalable=no\">\r\n\r\n    <link rel=\"preconnect\" href=\"https:\/\/fonts.googleapis.com\">\r\n<link rel=\"preconnect\" href=\"https:\/\/fonts.gstatic.com\" crossorigin>\r\n<link href=\"https:\/\/fonts.googleapis.com\/css2?family=Titillium+Web:ital,wght@0,200;0,300;0,400;0,600;0,700;0,900;1,200;1,300;1,400;1,600;1,700&display=swap\" rel=\"stylesheet\">\r\n        <style>\r\n            body {\r\n    font-family: 'Titillium Web',sans-serif;\r\n}\r\n            \/*-- -------------------------- -->\r\n            <---           Footer           -->\r\n            <--- -------------------------- -*\/\r\n            \/* Mobile *\/\r\n@media only screen and (min-width: 0em) {\r\n    \r\n  #footer {\r\n    background: #1E356A;\r\n    padding: 5.25em 0 1.25em;\r\n    font-size: 1em;\r\n  }\r\n  #footer .left-section {\r\n    margin: auto;\r\n\tmargin-top: 0.125em;\r\n    margin-bottom: 3.125em;\r\n    text-align: center;\r\n  }\r\n  #footer .left-section .logo {\r\n    display: inline-block;\r\n    margin: auto;\r\n    width: auto;\r\n    height: 4.2em;\r\n    margin-bottom: 1.875em;\r\n    text-align: center;\r\n  }\r\n  #footer .left-section .logo img {\r\n    width: auto;\r\n    height: 100%;\r\n    display: block;\r\n  }\r\n  #footer .left-section p {\r\n    font-size: 1em;\r\n    line-height: 1.92857143;\r\n    color: #fff;\r\n    text-align: center;\r\n    width: 80%;\r\n    width: 21.92857143em;\r\n    margin: auto;\r\n  }\r\n  #footer .right-section {\r\n    width: 96%;\r\n    max-width: 25.4375em;\r\n    margin: auto;\r\n  }\r\n  #footer .right-section .lists {\r\n    display: -webkit-box;\r\n    display: -ms-flexbox;\r\n    display: flex;\r\n    -webkit-box-pack: justify;\r\n        -ms-flex-pack: justify;\r\n            justify-content: space-between;\r\n    -ms-flex-wrap: wrap;\r\n        flex-wrap: wrap;\r\n    width: 96%;\r\n    max-width: 19.1875em;\r\n    margin: auto;\r\n  }\r\n  #footer .right-section .lists ul {\r\n    padding: 0;\r\n    margin-bottom: 0;\r\n    margin-top: 0;\r\n  }\r\n  #footer .right-section .lists ul:nth-of-type(3) {\r\n    margin-top: 3.125em;\r\n  }\r\n  #footer .right-section .lists ul:nth-of-type(3) li {\r\n    display: -webkit-box;\r\n    display: -ms-flexbox;\r\n    display: flex;\r\n    -webkit-box-pack: start;\r\n        -ms-flex-pack: start;\r\n            justify-content: flex-start;\r\n    -webkit-box-align: center;\r\n        -ms-flex-align: center;\r\n            align-items: center;\r\n    margin-bottom: 0.88888889em;\r\n  }\r\n  #footer .right-section .lists ul:nth-of-type(3) li:last-of-type {\r\n    margin-bottom: 0;\r\n  }\r\n  #footer .right-section .lists ul li {\r\n    list-style: none;\r\n    margin-bottom: 0.66666667em;\r\n    color: #fff;\r\n    font-size: 1em;\r\n    opacity: .9;\r\n  }\r\n  #footer .right-section .lists ul li a {\r\n    text-decoration: none;\r\n    color: #fff;\r\n    line-height: 1.16666667;\r\n    -webkit-transition: color .3s;\r\n    transition: color .3s;\r\n  }\r\n  #footer .right-section .lists ul li a:hover {\r\n    color: #6BB745;\r\n  }\r\n  #footer .right-section .lists ul h2 {\r\n    color: #fff;\r\n    font-size: 1.125em;\r\n    line-height: 1.16666667;\r\n    margin-bottom: 2.05555556em;\r\n    text-transform: uppercase;\r\n    font-weight: bold;\r\n    position: relative;\r\n  }\r\n  #footer .right-section .lists ul h2:before {\r\n    content: '';\r\n    position: absolute;\r\n    display: block;\r\n    height: 0.11111111em;\r\n    width: 5.38888889em;\r\n    background: #6BB745;\r\n    opacity: 1;\r\n    bottom: -0.88888889em;\r\n    left: 0;\r\n  }\r\n  #footer .right-section .buttons {\r\n    display: -webkit-box;\r\n    display: -ms-flexbox;\r\n    display: flex;\r\n    -webkit-box-pack: center;\r\n        -ms-flex-pack: center;\r\n            justify-content: center;\r\n  }\r\n  #footer .right-section .button-solid {\r\n    margin: 0;\r\n    height: 2.94444444em;\r\n    padding-top: 0.16666667em;\r\n    width: 13.88888889em;\r\n  }\r\n  #footer .credit {\r\n    color: #fff;\r\n    width: 96%;\r\n    margin: auto;\r\n    text-align: center;\r\n    margin-top: 6.25em;\r\n    line-height: 2.25em;\r\n    font-size: 1em;\r\n  }\r\n  #footer .credit a {\r\n    color: #6BB745;\r\n    text-decoration: none;\r\n    font-size: 1em;\r\n  }\r\n  #footer .credit a:hover {\r\n    text-decoration: underline;\r\n  }\r\n  #footer .credit .copyright {\r\n    display: block;\r\n    font-size: 1em;\r\n  }\r\n\t#footer .credit .logo img {\r\n    width: auto;\r\n    height: 200px;\r\n  }\r\n\t\r\n}\r\n\/* Small Desktop *\/\r\n@media only screen and (min-width: 64em) {\r\n  #footer {\r\n    font-size: min(1.2vw, 1em);\r\n  }\r\n  #footer .container {\r\n    display: -webkit-box;\r\n    display: -ms-flexbox;\r\n    display: flex;\r\n    -webkit-box-orient: horizontal;\r\n    -webkit-box-direction: normal;\r\n        -ms-flex-direction: row;\r\n            flex-direction: row;\r\n    -ms-flex-wrap: nowrap;\r\n        flex-wrap: nowrap;\r\n    -webkit-box-pack: justify;\r\n        -ms-flex-pack: justify;\r\n            justify-content: space-between;\r\n    width: 96%;\r\n    max-width: 82.5em;\r\n    margin: auto;\r\n    padding: 0;\r\n  }\r\n  #footer .left-section {\r\n    width: 25.5625em;\r\n    margin: 0;\r\n    text-align: left;\r\n  }\r\n  #footer .left-section .logo {\r\n    text-align: left;\r\n    margin-left: 0;\r\n    height: 5.2em;\r\n  }\r\n  #footer .left-section p {\r\n    text-align: left;\r\n    margin-left: 0;\r\n  }\r\n  #footer .right-section {\r\n    margin: 0;\r\n    width: 38.0625em;\r\n    max-width: none;\r\n  }\r\n  #footer .right-section .lists {\r\n    width: 96%;\r\n    max-width: 48.0625em;\r\n    margin: 0;\r\n    max-width: initial;\r\n  }\r\n  #footer .right-section .lists ul:nth-of-type(3) {\r\n    margin-top: 0;\r\n  }\r\n  #footer .right-section .lists ul:nth-of-type(3) li:first-of-type {\r\n    margin-bottom: 0;\r\n  }\r\n  #footer .right-section .lists ul li a {\r\n    position: relative;\r\n  }\r\n  #footer .right-section .lists ul li a:before {\r\n    content: '';\r\n    position: absolute;\r\n    display: block;\r\n    height: 0.11111111em;\r\n    width: 0%;\r\n    background: #fff;\r\n    opacity: 1;\r\n    bottom: -0.16666667em;\r\n    left: 0;\r\n    -webkit-transition: width .3s;\r\n    transition: width .3s;\r\n  }\r\n  #footer .right-section .lists ul li a:hover:before {\r\n    width: 100%;\r\n  }\r\n  #footer .right-section .buttons {\r\n    -webkit-box-pack: start;\r\n        -ms-flex-pack: start;\r\n            justify-content: flex-start;\r\n  }\r\n  #footer .credit .copyright {\r\n    display: inline-block;\r\n  }\r\n\t#footer .credit .logo img {\r\n    width: auto;\r\n    height: 200px;\r\n\r\n  }\r\n}\r\n        <\/style>\r\n\r\n    <\/head>\r\n    <body>\r\n        <footer id=\"footer\">\r\n            <div class=\"container\">\r\n                <div class=\"left-section\">\r\n                    <a class=\"logo\" href=\"https:\/\/ris-ecomove.eu\/index.php\/naslovnica\/\"><img loading=\"lazy\" loading=\"lazy\" decoding=\"async\" src=\"\/wp-content\/uploads\/2025\/01\/RIS ECOMOVE project\/5 Logo - small - variations\/RisEcoMove-Small-Logo-BlueB-Transparent.png\" alt=\"Logo EcoMove small green dots transparent background\" width=\"350\" height=\"120\" title=\"\"><\/a>\r\n                    <p>\r\n                        Put do odr\u017eivih radnih mjesta.\r\n                    <\/p>\r\n                <\/div>\r\n                <div class=\"right-section\">\r\n                    <div class=\"lists\">\r\n                        <ul>\r\n                            <li><h2>Navigacija<\/h2><\/li>\r\n                        <li><a href=\"https:\/\/ris-ecomove.eu\/index.php\/naslovnica\/\">Naslovnica<\/a><\/li>\r\n                        <li><a href=\"https:\/\/ris-ecomove.eu\/index.php\/partneri\/\">Partneri<\/a><\/li>\r\n                        <li><a href=\"https:\/\/ris-ecomove.eu\/index.php\/novosti\/\">Novosti<\/a><\/li>\r\n                        <li><a href=\"https:\/\/ris-ecomove.eu\/index.php\/prijava\/\">Prijava<\/a><\/li>\r\n                        <\/ul>\r\n                        <ul>\r\n                            <li><a href=\"https:\/\/ris-ecomove.eu\/index.php\/programi\/\"><h2>Programi<\/h2><\/a><\/li>\r\n                        <li><a href=\"https:\/\/ris-ecomove.eu\/index.php\/programi\/#Program1\">Program 1<\/a><\/li>\r\n                        <li><a href=\"https:\/\/ris-ecomove.eu\/index.php\/programi\/#Program2\">Program 2<\/a><\/li>\r\n                        <li><a href=\"https:\/\/ris-ecomove.eu\/index.php\/programi\/#Program3\">Program 3<\/a><\/li>\r\n                        <li><a href=\"https:\/\/ris-ecomove.eu\/index.php\/programi\/#Program4\">Program 4<\/a><\/li>\r\n                        <\/ul>\r\n                        <ul>\r\n                            <li><a href=\"https:\/\/ris-ecomove.eu\/index.php\/prijava\/\"><h2>Kontakti<\/h2><\/a><\/li>\r\n                            <li><a href=\"https:\/\/ris-ecomove.eu\/index.php\/prijava\/\">Radujemo se Va\u0161oj poruci!<\/a><\/li>            \r\n                        <\/ul>\r\n                    <\/div>\r\n                <\/div>\r\n            <\/div>\r\n    \r\n            <div class=\"credit\">\r\n                <a class=\"logo\" href=\"https:\/\/www.eiturbanmobility.eu\/\" target=\"_blank\" rel=\"noopener\"><img loading=\"lazy\" loading=\"lazy\" decoding=\"async\" src=\"\/wp-content\/uploads\/2025\/01\/RIS ECOMOVE project\/9 EIT URBAN MOBILITY\/Combination EU1 vertical_1.svg\" alt=\"logo eit urban mobility\" width=\"350\" height=\"120\" title=\"\"><\/a><br>\r\n                <span>Ovaj projekt podr\u017eava EIT Urban Mobility, inicijativa Europskog instituta za inovacije i tehnologiju (EIT), tijela Europske unije. EIT Urban Mobility djeluje na ubrzanju pozitivnih promjena na mobilnosti kako bi gradski prostori bili pogodniji za \u017eivot. Saznajte vi\u0161e na:<\/span>\r\n                <a href=\"https:\/\/www.eiturbanmobility.eu\/\" target=\"_blank\" rel=\"noopener\">eiturbanmobility.eu<\/a>\r\n                <\/div>\r\n        <\/footer>\r\n\r\n    <\/body>\r\n<\/html>\r\n\t\t\t\t<\/div>\n\t\t\t\t<\/div>\n\t\t\t\t<\/div>\n\t\t\t\t<\/div>\n\t\t","protected":false},"excerpt":{"rendered":"<p>RIS EcoMove organises a matchmaking conference during the 2025 European Mobility Week in Zagreb.<\/p>\n","protected":false},"author":1,"featured_media":2233,"comment_status":"closed","ping_status":"closed","sticky":false,"template":"","format":"standard","meta":{"footnotes":""},"categories":[4],"tags":[57,55,56,58,53],"ppma_author":[16],"class_list":["post-2231","post","type-post","status-publish","format-standard","has-post-thumbnail","hentry","category-blog-eng","tag-conference","tag-esg","tag-event","tag-mobility","tag-networking"],"authors":[{"term_id":16,"user_id":1,"is_guest":0,"slug":"admin_kfncaj0l","display_name":"Petra Grgasovi\u0107","avatar_url":{"url":"https:\/\/ris-ecomove.eu\/wp-content\/uploads\/2025\/02\/Picture-Petra-Grgasovic-CEO.jpg","url2x":"https:\/\/ris-ecomove.eu\/wp-content\/uploads\/2025\/02\/Picture-Petra-Grgasovic-CEO.jpg"},"author_category":"","first_name":"Petra","last_name":"Grgasovi\u0107","user_url":"https:\/\/erkon.hr\/","job_title":"Chief Executive Officer at Erkon","description":""}],"rttpg_featured_image_url":{"full":["https:\/\/ris-ecomove.eu\/wp-content\/uploads\/2025\/06\/Responsibility-in-Motion-Conference-1.png",1600,1067,false],"landscape":["https:\/\/ris-ecomove.eu\/wp-content\/uploads\/2025\/06\/Responsibility-in-Motion-Conference-1.png",1600,1067,false],"portraits":["https:\/\/ris-ecomove.eu\/wp-content\/uploads\/2025\/06\/Responsibility-in-Motion-Conference-1.png",1600,1067,false],"thumbnail":["https:\/\/ris-ecomove.eu\/wp-content\/uploads\/2025\/06\/Responsibility-in-Motion-Conference-1-150x150.png",150,150,true],"medium":["https:\/\/ris-ecomove.eu\/wp-content\/uploads\/2025\/06\/Responsibility-in-Motion-Conference-1-300x200.png",300,200,true],"large":["https:\/\/ris-ecomove.eu\/wp-content\/uploads\/2025\/06\/Responsibility-in-Motion-Conference-1-1024x683.png",800,534,true],"1536x1536":["https:\/\/ris-ecomove.eu\/wp-content\/uploads\/2025\/06\/Responsibility-in-Motion-Conference-1-1536x1024.png",1536,1024,true],"2048x2048":["https:\/\/ris-ecomove.eu\/wp-content\/uploads\/2025\/06\/Responsibility-in-Motion-Conference-1.png",1600,1067,false]},"rttpg_author":{"display_name":"Petra Grgasovi\u0107","author_link":"https:\/\/ris-ecomove.eu\/author\/admin_kfncaj0l\/"},"rttpg_comment":0,"rttpg_category":"<a href=\"https:\/\/ris-ecomove.eu\/index.php\/category\/blog-eng\/\" rel=\"category tag\">Blog ENG<\/a>","rttpg_excerpt":"RIS EcoMove organises a matchmaking conference during the 2025 European Mobility Week in Zagreb.","_links":{"self":[{"href":"https:\/\/ris-ecomove.eu\/index.php\/wp-json\/wp\/v2\/posts\/2231","targetHints":{"allow":["GET"]}}],"collection":[{"href":"https:\/\/ris-ecomove.eu\/index.php\/wp-json\/wp\/v2\/posts"}],"about":[{"href":"https:\/\/ris-ecomove.eu\/index.php\/wp-json\/wp\/v2\/types\/post"}],"author":[{"embeddable":true,"href":"https:\/\/ris-ecomove.eu\/index.php\/wp-json\/wp\/v2\/users\/1"}],"replies":[{"embeddable":true,"href":"https:\/\/ris-ecomove.eu\/index.php\/wp-json\/wp\/v2\/comments?post=2231"}],"version-history":[{"count":58,"href":"https:\/\/ris-ecomove.eu\/index.php\/wp-json\/wp\/v2\/posts\/2231\/revisions"}],"predecessor-version":[{"id":2388,"href":"https:\/\/ris-ecomove.eu\/index.php\/wp-json\/wp\/v2\/posts\/2231\/revisions\/2388"}],"wp:featuredmedia":[{"embeddable":true,"href":"https:\/\/ris-ecomove.eu\/index.php\/wp-json\/wp\/v2\/media\/2233"}],"wp:attachment":[{"href":"https:\/\/ris-ecomove.eu\/index.php\/wp-json\/wp\/v2\/media?parent=2231"}],"wp:term":[{"taxonomy":"category","embeddable":true,"href":"https:\/\/ris-ecomove.eu\/index.php\/wp-json\/wp\/v2\/categories?post=2231"},{"taxonomy":"post_tag","embeddable":true,"href":"https:\/\/ris-ecomove.eu\/index.php\/wp-json\/wp\/v2\/tags?post=2231"},{"taxonomy":"author","embeddable":true,"href":"https:\/\/ris-ecomove.eu\/index.php\/wp-json\/wp\/v2\/ppma_author?post=2231"}],"curies":[{"name":"wp","href":"https:\/\/api.w.org\/{rel}","templated":true}]}}