{"id":1653,"date":"2025-02-19T20:05:11","date_gmt":"2025-02-19T20:05:11","guid":{"rendered":"https:\/\/ris-ecomove.eu\/wordpress\/?p=1653"},"modified":"2025-03-09T16:43:40","modified_gmt":"2025-03-09T16:43:40","slug":"radite-za-nas-nudimo-vam-sluzbeni-automobil","status":"publish","type":"post","link":"https:\/\/ris-ecomove.eu\/index.php\/2025\/02\/19\/radite-za-nas-nudimo-vam-sluzbeni-automobil\/","title":{"rendered":"Radite za nas, nudimo vam slu\u017ebeni automobil!"},"content":{"rendered":"\t\t<div data-elementor-type=\"wp-post\" data-elementor-id=\"1653\" class=\"elementor elementor-1653\">\n\t\t\t\t<div class=\"elementor-element elementor-element-28eb827 e-con-full e-flex e-con e-parent\" data-id=\"28eb827\" data-element_type=\"container\">\n\t\t\t\t<div class=\"elementor-element elementor-element-8c75f34 elementor-widget elementor-widget-html\" data-id=\"8c75f34\" data-element_type=\"widget\" data-widget_type=\"html.default\">\n\t\t\t\t<div class=\"elementor-widget-container\">\n\t\t\t\t\t<!DOCTYPE html>\n<html lang=\"hr\">\n<head>\n    <meta charset=\"UTF-8\">\n    <meta http-equiv=\"X-UA-Compatible\" content=\"IE=edge\">\n    <meta name=\"viewport\" content=\"width=device-width, initial-scale=1.0, maximum-scale=1.0, user-scalable=no\">\n    <link rel=\"preconnect\" href=\"https:\/\/fonts.googleapis.com\">\n    <link rel=\"preconnect\" href=\"https:\/\/fonts.gstatic.com\" crossorigin>\n    <link href=\"https:\/\/fonts.googleapis.com\/css2?family=Titillium+Web:ital,wght@0,200;0,300;0,400;0,600;0,700;0,900;1,200;1,300;1,400;1,600;1,700&display=swap\" rel=\"stylesheet\">\n    \n    <style>\n        body {\n            margin: 0;\n            font-family: 'Titillium Web', sans-serif;\n            align-items: center;\n        }\n        .toolbar {\n            display: flex;\n            justify-content: space-between;\n            align-items: center;\n            background-color: #1E356A;\n            color: #FFF;\n            padding: 20px;\n            position: fixed;\n            top: 0;\n            left: 0;\n            width:100%;\n            z-index: 1000;\n            box-shadow: 0 4px 8px rgba(0, 0, 0, 0.2);\n        }\n        .toolbar .logos {\n            display: flex;\n            gap: 10px;\n        }\n        .toolbar .menu {\n            cursor: pointer;\n        }\n        .toolbar .menu-container {\n        display: flex;\n        align-items: center;\n        gap: 10px; \/* Adds spacing between elements *\/\n    }\n    .language-buttons button {\n    background-color: #6BB745;\n    color: white;\n    border: none;\n    padding: 8px 12px;\n    font-size: 14px;\n    cursor: pointer;\n    border-radius: 5px;\n}\n\n.language-buttons button:hover {\n    opacity: 0.8;\n}\n        .popup {\n            display: none;\n            position: fixed;\n            top: 0;\n            right: 0; \/* Ensure the popup is anchored to the far-right *\/\n            width: 60%; \/* Control popup width *\/\n            height: 100%; \/* Full screen height *\/\n            color: #FFF;\n            z-index: 1000;\n            \n        }\n        .popup .popup-content {\n            display: flex;\n            flex-direction: row;\n            height: 100%;\n            position: relative;\n            width: 100%; \/* Ensure popup-content spans full width *\/\n            padding: 0; \/* Remove any unwanted padding *\/\n            margin: 0; \/* Remove any unwanted margin *\/\n        }\n        .popup .column {\n            flex: 1; \/* Distribute available space equally *\/\n            padding: 20px;\n            justify-content: center;\n            align-items: flex-start;\n            text-align: center;\n        }\n        .popup .column-1 {\n\t\t\tcolor: #FFF !important; \n\t\t\ttext-decoration: none;\t\t\t\n            background-color: #1E356A;\n            box-shadow: -10px 0 20px rgba(0, 0, 0, 0.5);\n        }\n\t\t.popup .column-1 a {\n    color: #FFF !important; \/* Force all links to be white *\/\n    text-decoration: none !important; \/* Remove underline *\/\n}\n        .popup .column-2 {\n            background-color: #6BB745;\n            box-shadow: -10px 0 20px rgba(0, 0, 0, 0.5);\n        }\n        .popup .close-button {\n            position: absolute;\n            top: 10px;\n            right: 20px;\n            font-size: 30px;\n            cursor: pointer;\n            color: #FFF;\n        }\n        .course-svg {\n            width: 30px;\n            height: auto;\n            margin-right: 10px;\n        }\n        .courses-container {\n            display: flex;\n            align-items: center;\n            justify-content: center; \/* Center horizontally *\/\n            margin-bottom: 15px; \/* Space between course rows *\/\n        }\n        .courses-text {\n    font-size: 16px;\n    margin: 10px 0; \/* Add spacing between courses *\/\n    display: inline-block; \/* Ensures proper alignment *\/\n}\n        .menu-text {\n            text-decoration-line: none;\n            color: #fff;\n            margin-top: 20px;\n        }\n        @media (max-width: 768px) {\n    .popup {\n        width: 100%; \/* Full width on smaller screens *\/\n        height: 100vh; \/* Full screen height on mobile *\/\n        right: 0;\n    }\n    .popup .popup-content {\n        flex-direction: column; \/* Stack columns vertically *\/\n    }\n    .popup .column-1 {\n        flex: none;\n        height: 50%;\n    }\n    .popup .column-2 {\n        flex: none;\n        height: 50%;\n        padding: 10px;\n    }\n}\n    <\/style>\n<\/head>\n<body>\n    <div class=\"toolbar\">\n        <div>\n            <a class=\"logos\" style=\"width: auto; height: 30px;\" href=\"https:\/\/ris-ecomove.eu\/\">\n                <img decoding=\"async\" src=\"\/wp-content\/uploads\/2025\/01\/RIS ECOMOVE project\/5 Logo - small - variations\/RisEcoMove-Small-Logo-green-white-apng.png\n\n\" alt=\"Logo EcoMove small green dots transparent background\" class=\"svg-icon\" title=\"\">\n            <\/a>\n        <\/div>\n        <div class=\"menu-container\">\n    <div class=\"language-buttons\">\n        <button onclick=\"window.location.href='https:\/\/ris-ecomove.eu\/index.php\/2025\/02\/19\/work-for-us-we-are-offering-you-a-company-car\/'\">EN<\/button>\n        <button onclick=\"changeLanguage('cro')\">HR<\/button>\n    <\/div>\n    <div class=\"menu\" id=\"menu-button\" onclick=\"togglePopup()\"> \u2630<\/div>\n<\/div>\n\n    <div class=\"popup\" id=\"popup\">\n        <div class=\"popup-content\">\n            <div class=\"close-button\" onclick=\"togglePopup()\">\u00d7<\/div>\n            <div class=\"column column-1\">\n                <a href=\"https:\/\/ris-ecomove.eu\/index.php\/programi\/\"> <h1>PROGRAMI<\/h1> <\/a>\n                <div class=\"courses-container\" href=\"https:\/\/ris-ecomove.eu\/index.php\/programi\/#Program1\">\n                    <img decoding=\"async\" src=\"\/wp-content\/uploads\/2025\/01\/RIS ECOMOVE project\/6 Icons (courses)\/Dark background\/RisEcoMove-Icon-White1.svg\" alt=\"\" class=\"course-svg\" title=\"\">\n                    <a href=\"https:\/\/ris-ecomove.eu\/index.php\/program\/#Program1\" class=\"courses-text\">PROGRAM 1<\/a>\n                <\/div>\n                <div class=\"courses-container\" href=\"https:\/\/ris-ecomove.eu\/index.php\/programi\/#Program2\">\n                    <img decoding=\"async\" src=\"\/wp-content\/uploads\/2025\/01\/RIS ECOMOVE project\/6 Icons (courses)\/Dark background\/RisEcoMove-Icon-White2.svg\" alt=\"\" class=\"course-svg\" title=\"\">\n                    <a href=\"https:\/\/ris-ecomove.eu\/index.php\/programi\/#Program2\" class=\"courses-text\">PROGRAM 2<\/a>\n                <\/div>\n                <div class=\"courses-container\" href=\"https:\/\/ris-ecomove.eu\/index.php\/programi\/#Program3\">\n                    <img decoding=\"async\" src=\"\/wp-content\/uploads\/2025\/01\/RIS ECOMOVE project\/6 Icons (courses)\/Dark background\/RisEcoMove-Icon-White3.svg\" alt=\"\" class=\"course-svg\" title=\"\">\n                    <a href=\"https:\/\/ris-ecomove.eu\/index.php\/programi\/#Program3\" class=\"courses-text\">PROGRAM 3<\/a>\n                <\/div>\n                <div class=\"courses-container\" href=\"https:\/\/ris-ecomove.eu\/index.php\/programi\/#Program4\">\n                    <img decoding=\"async\" src=\"\/wp-content\/uploads\/2025\/01\/RIS ECOMOVE project\/6 Icons (courses)\/Dark background\/RisEcoMove-Icon-White4.svg\" alt=\"\" class=\"course-svg\" title=\"\">\n                    <a href=\"https:\/\/ris-ecomove.eu\/index.php\/programi\/#Program4\" class=\"courses-text\">PROGRAM 4<\/a>\n                <\/div>\n            <\/div>\n            <div class=\"column column-2\">\n                <h1>IZBORNIK<\/h1>\n                <div style=\"margin-top:0px;\"><a href=\"https:\/\/ris-ecomove.eu\/index.php\/naslovnica\/\" class=\"menu-text\" style=\"text-decoration-line: none;color: #fff;\">Naslovnica<\/a><\/div>\n                <div style=\"margin-top:20px;\"><a href=\"https:\/\/ris-ecomove.eu\/index.php\/partneri\/\" class=\"menu-text\" style=\"text-decoration-line: none;color: #fff;\">Partneri<\/a><\/div>\n                <div style=\"margin-top:20px;\"><a href=\"https:\/\/ris-ecomove.eu\/index.php\/novosti\/\" class=\"menu-text\" style=\"text-decoration-line: none;color: #fff;\">Novosti<\/a><\/div>\n                <div style=\"margin-top:20px;\"><a href=\"https:\/\/ris-ecomove.eu\/index.php\/prijava\/\" class=\"menu-text\" style=\"text-decoration-line: none;color: #fff;\">Prijava<\/a><\/div>\n            <\/div>\n        <\/div>\n    <\/div>\n\n    <script>\n        function togglePopup() {\n            const popup = document.getElementById('popup');\n            popup.style.display = popup.style.display === 'none' || popup.style.display === '' ? 'flex' : 'none';\n        }\n\n        document.addEventListener('click', function(event) {\n            const popup = document.getElementById('popup');\n            const popupContent = document.querySelector('.popup-content');\n            const menuButton = document.getElementById('menu-button');\n\n            if (popup.style.display === 'flex' && !popupContent.contains(event.target) && event.target !== menuButton) {\n                togglePopup();\n            }\n        });\n\n        document.querySelector('.popup-content').addEventListener('click', function(event) {\n            event.stopPropagation();\n        });\n    <\/script>\n<\/body>\n<\/html>\n\t\t\t\t<\/div>\n\t\t\t\t<\/div>\n\t\t\t\t<\/div>\n\t\t<div class=\"elementor-element elementor-element-6526bf5 e-con-full e-flex e-con e-parent\" data-id=\"6526bf5\" data-element_type=\"container\" data-settings=\"{&quot;background_background&quot;:&quot;classic&quot;}\">\n\t\t\t\t<div class=\"elementor-element elementor-element-94c55f0 elementor-widget__width-initial elementor-widget elementor-widget-heading\" data-id=\"94c55f0\" data-element_type=\"widget\" data-widget_type=\"heading.default\">\n\t\t\t\t<div class=\"elementor-widget-container\">\n\t\t\t\t\t<h2 class=\"elementor-heading-title elementor-size-default\">Radite za nas, nudimo vam slu\u017ebeni automobil!<\/h2>\t\t\t\t<\/div>\n\t\t\t\t<\/div>\n\t\t\t\t<\/div>\n\t\t<div class=\"elementor-element elementor-element-dc1ca6a e-con-full e-flex e-con e-parent\" data-id=\"dc1ca6a\" data-element_type=\"container\">\n\t\t\t\t<div class=\"elementor-element elementor-element-ada60ef elementor-widget__width-initial elementor-widget elementor-widget-text-editor\" data-id=\"ada60ef\" data-element_type=\"widget\" data-widget_type=\"text-editor.default\">\n\t\t\t\t<div class=\"elementor-widget-container\">\n\t\t\t\t\t\t\t\t\t<p style=\"font-weight: 400;\">Odr\u017eiva korporativna mobilnost postaje sve va\u017enija tema u kontekstu klimatskih promjena, urbanih gu\u017evi i promjena u radnom okru\u017eenju. U Belgiji i mnogim europskim zemljama slu\u017ebeni automobili predstavljaju atraktivnu pogodnost za zaposlenike zbog povoljnih poreznih politika. Me\u0111utim, ovaj sustav ima zna\u010dajne negativne eksternalije, uklju\u010duju\u0107i pove\u0107ane emisije ugljika, prometne gu\u017eve i socijalnu nejednakost. Doktorska disertacija <a href=\"https:\/\/www.linkedin.com\/in\/liesbeth-de-wilde-51b2a313\/?originalSubdomain=be\" target=\"_blank\" rel=\"noopener\">Liesbeth De Wilde<\/a>, <em><a href=\"https:\/\/cris.vub.be\/ws\/portalfiles\/portal\/105271038\/PhD_Liesbeth_De_Wilde_finaal_def.pdf\" target=\"_blank\" rel=\"noopener\">Employees\u2019 Perspectives on Sustainable Corporate Mobility Policies: The Company Car and Its Alternatives<\/a><\/em>, istra\u017euje kako korporativna mobilnost mo\u017ee prije\u0107i na odr\u017eivije alternative uzimaju\u0107i u obzir perspektive zaposlenika i ostalih dionika.<\/p>\t\t\t\t\t\t\t\t<\/div>\n\t\t\t\t<\/div>\n\t\t\t\t<\/div>\n\t\t<div class=\"elementor-element elementor-element-6a9045b e-con-full e-flex e-con e-parent\" data-id=\"6a9045b\" data-element_type=\"container\">\n\t\t\t\t<div class=\"elementor-element elementor-element-baea35f elementor-widget elementor-widget-image\" data-id=\"baea35f\" data-element_type=\"widget\" data-widget_type=\"image.default\">\n\t\t\t\t<div class=\"elementor-widget-container\">\n\t\t\t\t\t\t\t\t\t\t\t\t\t\t\t<img fetchpriority=\"high\" decoding=\"async\" width=\"1000\" height=\"667\" src=\"https:\/\/ris-ecomove.eu\/wp-content\/uploads\/2025\/02\/shutterstock_1256564314-1.jpg\" class=\"attachment-full size-full wp-image-1655\" alt=\"Company car - Slu\u017ebeni automobil - Corporate mobility article\" srcset=\"https:\/\/ris-ecomove.eu\/wp-content\/uploads\/2025\/02\/shutterstock_1256564314-1.jpg 1000w, https:\/\/ris-ecomove.eu\/wp-content\/uploads\/2025\/02\/shutterstock_1256564314-1-300x200.jpg 300w, https:\/\/ris-ecomove.eu\/wp-content\/uploads\/2025\/02\/shutterstock_1256564314-1-768x512.jpg 768w\" sizes=\"(max-width: 1000px) 100vw, 1000px\" title=\"\">\t\t\t\t\t\t\t\t\t\t\t\t\t\t\t<\/div>\n\t\t\t\t<\/div>\n\t\t\t\t<\/div>\n\t\t<div class=\"elementor-element elementor-element-5e5bdfc e-con-full e-flex e-con e-parent\" data-id=\"5e5bdfc\" data-element_type=\"container\">\n\t\t\t\t<div class=\"elementor-element elementor-element-97136eb elementor-widget__width-initial elementor-widget elementor-widget-text-editor\" data-id=\"97136eb\" data-element_type=\"widget\" data-widget_type=\"text-editor.default\">\n\t\t\t\t<div class=\"elementor-widget-container\">\n\t\t\t\t\t\t\t\t\t<p style=\"font-weight: 400;\">Ra\u0161irena uporaba slu\u017ebenih automobila zna\u010dajno pridonosi neodr\u017eivom putovanju. U Belgiji su razine zagu\u0161enja i one\u010di\u0161\u0107enja zraka me\u0111u najvi\u0161ima u Europi, a slu\u017ebena vozila igraju zna\u010dajnu ulogu u ovom problemu. Osim toga, porezne olak\u0161ice povezane sa slu\u017ebenim automobilima stvaraju ekonomsku neu\u010dinkovitost i dru\u0161tvene nejednakosti, budu\u0107i da su te olak\u0161ice prvenstveno dostupne zaposlenicima s visokim primanjima. <strong>Unato\u010d izvje\u0161\u0107ima Europske unije koja nagla\u0161avaju neodr\u017eivost trenutnog sustava slu\u017ebenih automobila, malo njih daje jasne preporuke o tome kako provesti u\u010dinkovite reforme.<\/strong> Istra\u017eivanje Liesbeth De Wilde analizira politi\u010dke mjere koje bi mogle pru\u017eiti alternative tradicionalnom modelu slu\u017ebenog automobila i procjenjuje prihva\u0107anje takvih mjera od strane zaposlenika.<\/p>\t\t\t\t\t\t\t\t<\/div>\n\t\t\t\t<\/div>\n\t\t\t\t<\/div>\n\t\t<div class=\"elementor-element elementor-element-af2c123 e-con-full e-flex e-con e-parent\" data-id=\"af2c123\" data-element_type=\"container\">\n\t\t\t\t<div class=\"elementor-element elementor-element-dfef18b elementor-widget__width-initial elementor-widget elementor-widget-heading\" data-id=\"dfef18b\" data-element_type=\"widget\" data-widget_type=\"heading.default\">\n\t\t\t\t<div class=\"elementor-widget-container\">\n\t\t\t\t\t<h3 class=\"elementor-heading-title elementor-size-default\">U\u010dinkovite politike za zelenu mobilnost<\/h3>\t\t\t\t<\/div>\n\t\t\t\t<\/div>\n\t\t\t\t<\/div>\n\t\t<div class=\"elementor-element elementor-element-c26d742 e-con-full e-flex e-con e-parent\" data-id=\"c26d742\" data-element_type=\"container\">\n\t\t\t\t<div class=\"elementor-element elementor-element-8e5ec3e elementor-widget__width-initial elementor-widget elementor-widget-text-editor\" data-id=\"8e5ec3e\" data-element_type=\"widget\" data-widget_type=\"text-editor.default\">\n\t\t\t\t<div class=\"elementor-widget-container\">\n\t\t\t\t\t\t\t\t\t<p style=\"font-weight: 400;\">De Wilde otkriva da <strong>ne postoji jedinstvena politika koja bi koristila svim dionicima podjednako.<\/strong> Premda se ukidanje poreznih olak\u0161ica za slu\u017ebene automobile \u010dini kao najodr\u017eivije rje\u0161enje s dru\u0161tvenog aspekta, ono je politi\u010dki izazovno zbog zna\u010dajnog ekonomskog utjecaja na zaposlenike koji trenutno u\u017eivaju u tim pogodnostima. Me\u0111u zaposlenicima, bud\u017eet za mobilnost\u2014gdje pojedinci dobivaju fleksibilni iznos koji mogu koristiti za razli\u010dite oblike prijevoza\u2014pojavljuje se kao najpo\u017eeljnija alternativa. No, u\u010dinkovitost takvog bud\u017eeta ovisi o individualnim preferencijama, dostupnosti alternativnog prijevoza i financijskoj isplativosti.<\/p>\t\t\t\t\t\t\t\t<\/div>\n\t\t\t\t<\/div>\n\t\t\t\t<\/div>\n\t\t<div class=\"elementor-element elementor-element-1f05526 e-con-full e-flex e-con e-parent\" data-id=\"1f05526\" data-element_type=\"container\">\n\t\t\t\t<div class=\"elementor-element elementor-element-65ca022 elementor-widget__width-initial elementor-widget elementor-widget-heading\" data-id=\"65ca022\" data-element_type=\"widget\" data-widget_type=\"heading.default\">\n\t\t\t\t<div class=\"elementor-widget-container\">\n\t\t\t\t\t<h3 class=\"elementor-heading-title elementor-size-default\">Stavovi zaposlenika prema odr\u017eivim alternativama<\/h3>\t\t\t\t<\/div>\n\t\t\t\t<\/div>\n\t\t\t\t<\/div>\n\t\t<div class=\"elementor-element elementor-element-095cd7d e-con-full e-flex e-con e-parent\" data-id=\"095cd7d\" data-element_type=\"container\">\n\t\t\t\t<div class=\"elementor-element elementor-element-612f606 elementor-widget__width-initial elementor-widget elementor-widget-text-editor\" data-id=\"612f606\" data-element_type=\"widget\" data-widget_type=\"text-editor.default\">\n\t\t\t\t<div class=\"elementor-widget-container\">\n\t\t\t\t\t\t\t\t\t<p style=\"font-weight: 400;\">Jedan od klju\u010dnih fokusa istra\u017eivanja De Wilde je razumijevanje <strong>spremnosti zaposlenika da usvoje alternativna rje\u0161enja mobilnosti.<\/strong> Rezultati ankete pokazuju da su zaposlenici sa slu\u017ebenim automobilima manje skloni razmatrati odr\u017eive opcije prijevoza u usporedbi s onima bez slu\u017ebenog automobila. Financijski aspekt igra klju\u010dnu ulogu u njihovom odlu\u010divanju, pri \u010demu ve\u0107ina zaposlenika zahtijeva zna\u010dajnu mjese\u010dnu naknadu kako bi se odrekla slu\u017ebenog automobila. U prosjeku, voza\u010di slu\u017ebenih automobila izjavili su da bi im bila potrebna mjese\u010dna naknada od 683 eura kako bi pristali na ovu promjenu. Osim toga, oko <strong>20% ispitanika izrazilo je interes za zamjenu slu\u017ebenog automobila za gotovinu bez kupnje privatnog vozila, dok je 55% izjavilo da uop\u0107e ne bi razmatralo odricanje od slu\u017ebenog automobila.<\/strong><\/p>\t\t\t\t\t\t\t\t<\/div>\n\t\t\t\t<\/div>\n\t\t\t\t<\/div>\n\t\t<div class=\"elementor-element elementor-element-6acff31 e-con-full e-flex e-con e-parent\" data-id=\"6acff31\" data-element_type=\"container\">\n\t\t\t\t<div class=\"elementor-element elementor-element-406c277 elementor-widget__width-initial elementor-widget elementor-widget-heading\" data-id=\"406c277\" data-element_type=\"widget\" data-widget_type=\"heading.default\">\n\t\t\t\t<div class=\"elementor-widget-container\">\n\t\t\t\t\t<h3 class=\"elementor-heading-title elementor-size-default\">Financijski poticaji<\/h3>\t\t\t\t<\/div>\n\t\t\t\t<\/div>\n\t\t\t\t<\/div>\n\t\t<div class=\"elementor-element elementor-element-1f9a185 e-con-full e-flex e-con e-parent\" data-id=\"1f9a185\" data-element_type=\"container\">\n\t\t\t\t<div class=\"elementor-element elementor-element-9dbe6ea elementor-widget__width-initial elementor-widget elementor-widget-text-editor\" data-id=\"9dbe6ea\" data-element_type=\"widget\" data-widget_type=\"text-editor.default\">\n\t\t\t\t<div class=\"elementor-widget-container\">\n\t\t\t\t\t\t\t\t\t<p style=\"font-weight: 400;\">Financijski poticaji pokazali su se klju\u010dnim faktorom u poticanju odr\u017eivog pona\u0161anja pri putovanju na posao. Me\u0111utim, De Wilde utvr\u0111uje da mjere poput belgijske politike &#8220;Cash for Cars&#8221; i bud\u017eeta za mobilnost imaju ograni\u010denja zbog njihove slo\u017eenosti i nedostatka zna\u010dajnih financijskih prednosti u usporedbi s tradicionalnim slu\u017ebenim automobilima.<\/p>\n<p style=\"font-weight: 400;\">&#8220;Cash for Cars&#8221; uveden je 2018. godine kako bi potaknuo zaposlenike da se odreknu slu\u017ebenih automobila u zamjenu za nov\u010danu naknadu. Cilj je bio smanjiti broj slu\u017ebenih automobila na cestama i promovirati odr\u017eivije opcije mobilnosti. Zaposlenici koji su vratili svoj slu\u017ebeni automobil dobivali su mjese\u010dnu nov\u010danu naknadu od poslodavca, koja je bila odre\u0111ena prema katalo\u0161koj vrijednosti vra\u0107enog automobila i podlijegala je ni\u017eim porezima od redovne pla\u0107e. Zaposlenici su novac mogli upotrijebiti kako \u017eele. Ipak, sustav nije bio uspje\u0161an te je ukinut 2021. godine zbog niske stope prihva\u0107anja i administrativnih pote\u0161ko\u0107a.<\/p>\n<p style=\"font-weight: 400;\">De Wilde tako\u0111er isti\u010de da su zaposlenici s izra\u017eenom ekolo\u0161kom svije\u0161\u0107u skloniji prihva\u0107anju alternativnih rje\u0161enja mobilnosti i zahtijevaju ni\u017ee naknade za odricanje od slu\u017ebenog automobila. To sugerira da bi <strong>ciljanje zaposlenika s jakom ekolo\u0161kom osvije\u0161teno\u0161\u0107u moglo biti u\u010dinkovita strategija za promicanje odr\u017eive korporativne mobilnosti.<\/strong><\/p>\t\t\t\t\t\t\t\t<\/div>\n\t\t\t\t<\/div>\n\t\t\t\t<\/div>\n\t\t<div class=\"elementor-element elementor-element-5fbad9c e-con-full e-flex e-con e-parent\" data-id=\"5fbad9c\" data-element_type=\"container\">\n\t\t\t\t<div class=\"elementor-element elementor-element-538451c elementor-widget__width-initial elementor-widget elementor-widget-heading\" data-id=\"538451c\" data-element_type=\"widget\" data-widget_type=\"heading.default\">\n\t\t\t\t<div class=\"elementor-widget-container\">\n\t\t\t\t\t<h3 class=\"elementor-heading-title elementor-size-default\">Preporuke<\/h3>\t\t\t\t<\/div>\n\t\t\t\t<\/div>\n\t\t\t\t<\/div>\n\t\t<div class=\"elementor-element elementor-element-ce4403a e-con-full e-flex e-con e-parent\" data-id=\"ce4403a\" data-element_type=\"container\">\n\t\t\t\t<div class=\"elementor-element elementor-element-f19a9e3 elementor-widget__width-initial elementor-widget elementor-widget-text-editor\" data-id=\"f19a9e3\" data-element_type=\"widget\" data-widget_type=\"text-editor.default\">\n\t\t\t\t<div class=\"elementor-widget-container\">\n\t\t\t\t\t\t\t\t\t<p style=\"font-weight: 400;\">Na temelju svojih istra\u017eivanja, De Wilde nudi tri glavne preporuke za prijelaz prema odr\u017eivoj korporativnoj mobilnosti:<\/p>\n<ol style=\"font-weight: 400;\">\n<li><strong>Promicanje dijeljene, elektri\u010dne i automatizirane mobilnosti<\/strong><br \/>Budu\u0107e politike trebale bi poticati usvajanje modela Mobility-as-a-Service (MaaS), gdje zaposlenici mogu pristupiti razli\u010ditim oblicima prijevoza putem jedne pretplate. Elektrifikacija slu\u017ebenih automobila tako\u0111er bi trebala biti prioritet, ali zakonodavci moraju osigurati da ovaj pomak ne dovede do pove\u0107anja ukupnog broja vozila na cestama zbog ni\u017eih operativnih tro\u0161kova elektri\u010dnih automobila.<\/li>\n<li><strong>Uvo\u0111enje u\u010dinkovitih financijskih poticaja<\/strong><br \/>Budu\u0107i da financijski aspekti igraju klju\u010dnu ulogu u odlukama zaposlenika, politike bi trebale biti usmjerene na pove\u0107anje fleksibilnosti i koristi bud\u017eeta za mobilnost, pojednostavljenje propisa i osiguravanje da odr\u017eive opcije prijevoza budu pristupa\u010dne i prakti\u010dne. Postupna porezna reforma mogla bi smanjiti pogodnosti slu\u017ebenih automobila i smanjiti ekonomsku \u0161tetu zaposlenicima.<\/li>\n<li><strong>Uklju\u010divanje dionika u dono\u0161enje odluka<\/strong><br \/>Uspje\u0161an prijelaz na odr\u017eivu korporativnu mobilnost zahtijeva sudjelovanje svih dionika, uklju\u010duju\u0107i zaposlenike, poslodavce, zakonodavce i automobilsku industriju. Poslodavci bi trebali imati proaktivnu ulogu u ponudi fleksibilnih opcija mobilnosti, dok bi zakonodavci trebali stvoriti regulatorne okvire koji olak\u0161avaju ovu tranziciju.<\/li>\n<\/ol>\n<p>\u00a0<\/p>\t\t\t\t\t\t\t\t<\/div>\n\t\t\t\t<\/div>\n\t\t\t\t<\/div>\n\t\t<div class=\"elementor-element elementor-element-1357d8d e-con-full e-flex e-con e-parent\" data-id=\"1357d8d\" data-element_type=\"container\">\n\t\t\t\t<div class=\"elementor-element elementor-element-7fe1534 elementor-widget__width-initial elementor-widget elementor-widget-text-editor\" data-id=\"7fe1534\" data-element_type=\"widget\" data-widget_type=\"text-editor.default\">\n\t\t\t\t<div class=\"elementor-widget-container\">\n\t\t\t\t\t\t\t\t\t<p style=\"font-weight: 400;\">Doktorska disertacija Liesbeth De Wilde pru\u017ea vrijedne uvide u izazove i prilike povezane s prijelazom na odr\u017eivu korporativnu mobilnost. Iako financijski poticaji i alternativne opcije prijevoza mogu smanjiti oslanjanje na slu\u017ebene automobile, dugoro\u010dno su potrebne dublje sustavne promjene, poput poreznih reformi, pobolj\u0161anja infrastrukture i promjena u pona\u0161anju zaposlenika.\u00a0<\/p>\t\t\t\t\t\t\t\t<\/div>\n\t\t\t\t<\/div>\n\t\t\t\t<\/div>\n\t\t<div class=\"elementor-element elementor-element-9c6f206 e-con-full e-flex e-con e-parent\" data-id=\"9c6f206\" data-element_type=\"container\">\n\t\t\t\t<div class=\"elementor-element elementor-element-0d5b54e elementor-widget__width-initial elementor-widget elementor-widget-heading\" data-id=\"0d5b54e\" data-element_type=\"widget\" data-widget_type=\"heading.default\">\n\t\t\t\t<div class=\"elementor-widget-container\">\n\t\t\t\t\t<h3 class=\"elementor-heading-title elementor-size-default\">Uvo\u0111enjem dobro osmi\u0161ljenih politika, europske zemlje mogu stvoriti odr\u017eiviji sustav korporativne mobilnosti, smanjuju\u0107i emisije, ubla\u017eavaju\u0107i prometne gu\u017eve i promi\u010du\u0107i pravedniji pristup prijevoznim opcijama.<\/h3>\t\t\t\t<\/div>\n\t\t\t\t<\/div>\n\t\t\t\t<\/div>\n\t\t<div class=\"elementor-element elementor-element-488a341 e-con-full e-flex e-con e-parent\" data-id=\"488a341\" data-element_type=\"container\">\n\t\t\t\t<div class=\"elementor-element elementor-element-77ad5d0 elementor-widget__width-initial elementor-widget elementor-widget-text-editor\" data-id=\"77ad5d0\" data-element_type=\"widget\" data-widget_type=\"text-editor.default\">\n\t\t\t\t<div class=\"elementor-widget-container\">\n\t\t\t\t\t\t\t\t\t<p><strong><a href=\"https:\/\/ris-ecomove.eu\/index.php\/programi\/\" data-type=\"page\" data-id=\"936\">Prijavite se na RIS ECOMOVE trening!\u00a0<\/a><\/strong><\/p>\t\t\t\t\t\t\t\t<\/div>\n\t\t\t\t<\/div>\n\t\t\t\t<\/div>\n\t\t<div class=\"elementor-element elementor-element-5349992 e-con-full e-flex e-con e-parent\" data-id=\"5349992\" data-element_type=\"container\">\n\t\t\t\t<div class=\"elementor-element elementor-element-30a2d0d elementor-widget__width-initial elementor-widget elementor-widget-shortcode\" data-id=\"30a2d0d\" data-element_type=\"widget\" data-widget_type=\"shortcode.default\">\n\t\t\t\t<div class=\"elementor-widget-container\">\n\t\t\t\t\t\t\t<div class=\"elementor-shortcode\">\r\n                \r\n                    <!--begin code -->\r\n\r\n                    \r\n                    <div class=\"pp-multiple-authors-boxes-wrapper pp-multiple-authors-wrapper pp-multiple-authors-layout-centered multiple-authors-target-shortcode box-post-id-1196 box-instance-id-1 ppma_boxes_1196\"\r\n                    data-post_id=\"1196\"\r\n                    data-instance_id=\"1\"\r\n                    data-additional_class=\"pp-multiple-authors-layout-centered.multiple-authors-target-shortcode\"\r\n                    data-original_class=\"pp-multiple-authors-boxes-wrapper pp-multiple-authors-wrapper box-post-id-1196 box-instance-id-1\">\r\n                                                                                    <h2 class=\"widget-title box-header-title\">Autor<\/h2>\r\n                                                                            <span class=\"ppma-layout-prefix\"><\/span>\r\n                        <div class=\"ppma-author-category-wrap\">\r\n                                                                                                                                    <span class=\"ppma-category-group ppma-category-group-1 category-index-0\">\r\n                                                                                                                        <ul class=\"pp-multiple-authors-boxes-ul author-ul-0\">\r\n                                                                                                                                                                                                                                                                                                                                                                                                                                                                                                                                                                    \r\n                                                                                                                    <li class=\"pp-multiple-authors-boxes-li author_index_0 author_petra-grgasovic-erkon has-avatar\">\r\n                                                                                                                                                                                    <div class=\"pp-author-boxes-avatar\">\r\n                                                                    <div class=\"avatar-image\">\r\n                                                                                                                                                                                                                <img decoding=\"async\" alt=\"Picture-Petra-Grgasovic-CEO\" src=\"https:\/\/ris-ecomove.eu\/wp-content\/uploads\/2025\/02\/Picture-Petra-Grgasovic-CEO.jpg\" srcset=\"https:\/\/ris-ecomove.eu\/wp-content\/uploads\/2025\/02\/Picture-Petra-Grgasovic-CEO.jpg\" class=\"multiple_authors_guest_author_avatar avatar\" height=\"80\" width=\"80\" title=\"\">                                                                                                                                                                                                            <\/div>\r\n                                                                                                                                    <\/div>\r\n                                                            \r\n                                                            <div class=\"pp-author-boxes-avatar-details\">\r\n                                                                <div class=\"pp-author-boxes-name multiple-authors-name\"><a href=\"https:\/\/ris-ecomove.eu\/author\/petra-grgasovic-erkon\/\" rel=\"author\" title=\"Petra Grgasovi\u0107 (ERKON)\" class=\"author url fn\">Petra Grgasovi\u0107 (ERKON)<\/a><\/div>                                                                                                                                                                                                        <p class=\"pp-author-boxes-description multiple-authors-description author-description-0\">\r\n                                                                                                                                                                                                                                                                                                    <\/p>\r\n                                                                                                                                \r\n                                                                                                                                    <span class=\"pp-author-boxes-meta multiple-authors-links\">\r\n                                                                        <a href=\"https:\/\/ris-ecomove.eu\/author\/petra-grgasovic-erkon\/\" title=\"View all posts\">\r\n                                                                            <span>View all posts<\/span>\r\n                                                                        <\/a>\r\n                                                                    <\/span>\r\n                                                                                                                                <a class=\"ppma-author-user_url-profile-data ppma-author-field-meta ppma-author-field-type-url\" aria-label=\"Website\" href=\"https:\/\/www.linkedin.com\/in\/petra-grgasovic-3970ba60\/\" target=\"_self\" rel=\"noopener\"><span class=\"dashicons dashicons-admin-links\"><\/span> <\/a>\r\n                                                                                                                            <\/div>\r\n                                                                                                                                                                                                                        <\/li>\r\n                                                                                                                                                                                                                                    <\/ul>\r\n                                                                            <\/span>\r\n                                                                                                                        <\/div>\r\n                        <span class=\"ppma-layout-suffix\"><\/span>\r\n                                            <\/div>\r\n                    <!--end code -->\r\n                    \r\n                \r\n                            \r\n        <\/div>\n\t\t\t\t\t\t<\/div>\n\t\t\t\t<\/div>\n\t\t\t\t<\/div>\n\t\t<div class=\"elementor-element elementor-element-8b7ec18 e-con-full e-flex e-con e-parent\" data-id=\"8b7ec18\" data-element_type=\"container\">\n\t\t\t\t<div class=\"elementor-element elementor-element-beb391e elementor-widget elementor-widget-html\" data-id=\"beb391e\" data-element_type=\"widget\" data-widget_type=\"html.default\">\n\t\t\t\t<div class=\"elementor-widget-container\">\n\t\t\t\t\t<!DOCTYPE html>\r\n<html lang=\"hr\">\r\n    <head>\r\n        <meta charset=\"UTF-8\">\r\n    <meta http-equiv=\"X-UA-Compatible\" content=\"IE=edge\">\r\n    <meta name=\"viewport\" content=\"width=device-width, initial-scale=1.0, maximum-scale=1.0, user-scalable=no\">\r\n\r\n    <link rel=\"preconnect\" href=\"https:\/\/fonts.googleapis.com\">\r\n<link rel=\"preconnect\" href=\"https:\/\/fonts.gstatic.com\" crossorigin>\r\n<link href=\"https:\/\/fonts.googleapis.com\/css2?family=Titillium+Web:ital,wght@0,200;0,300;0,400;0,600;0,700;0,900;1,200;1,300;1,400;1,600;1,700&display=swap\" rel=\"stylesheet\">\r\n        <style>\r\n            body {\r\n    font-family: 'Titillium Web',sans-serif;\r\n}\r\n            \/*-- -------------------------- -->\r\n            <---           Footer           -->\r\n            <--- -------------------------- -*\/\r\n            \/* Mobile *\/\r\n@media only screen and (min-width: 0em) {\r\n    \r\n  #footer {\r\n    background: #1E356A;\r\n    padding: 5.25em 0 1.25em;\r\n    font-size: 1em;\r\n  }\r\n  #footer .left-section {\r\n    margin: auto;\r\n\tmargin-top: 0.125em;\r\n    margin-bottom: 3.125em;\r\n    text-align: center;\r\n  }\r\n  #footer .left-section .logo {\r\n    display: inline-block;\r\n    margin: auto;\r\n    width: auto;\r\n    height: 4.2em;\r\n    margin-bottom: 1.875em;\r\n    text-align: center;\r\n  }\r\n  #footer .left-section .logo img {\r\n    width: auto;\r\n    height: 100%;\r\n    display: block;\r\n  }\r\n  #footer .left-section p {\r\n    font-size: 1em;\r\n    line-height: 1.92857143;\r\n    color: #fff;\r\n    text-align: center;\r\n    width: 80%;\r\n    width: 21.92857143em;\r\n    margin: auto;\r\n  }\r\n  #footer .right-section {\r\n    width: 96%;\r\n    max-width: 25.4375em;\r\n    margin: auto;\r\n  }\r\n  #footer .right-section .lists {\r\n    display: -webkit-box;\r\n    display: -ms-flexbox;\r\n    display: flex;\r\n    -webkit-box-pack: justify;\r\n        -ms-flex-pack: justify;\r\n            justify-content: space-between;\r\n    -ms-flex-wrap: wrap;\r\n        flex-wrap: wrap;\r\n    width: 96%;\r\n    max-width: 19.1875em;\r\n    margin: auto;\r\n  }\r\n  #footer .right-section .lists ul {\r\n    padding: 0;\r\n    margin-bottom: 0;\r\n    margin-top: 0;\r\n  }\r\n  #footer .right-section .lists ul:nth-of-type(3) {\r\n    margin-top: 3.125em;\r\n  }\r\n  #footer .right-section .lists ul:nth-of-type(3) li {\r\n    display: -webkit-box;\r\n    display: -ms-flexbox;\r\n    display: flex;\r\n    -webkit-box-pack: start;\r\n        -ms-flex-pack: start;\r\n            justify-content: flex-start;\r\n    -webkit-box-align: center;\r\n        -ms-flex-align: center;\r\n            align-items: center;\r\n    margin-bottom: 0.88888889em;\r\n  }\r\n  #footer .right-section .lists ul:nth-of-type(3) li:last-of-type {\r\n    margin-bottom: 0;\r\n  }\r\n  #footer .right-section .lists ul li {\r\n    list-style: none;\r\n    margin-bottom: 0.66666667em;\r\n    color: #fff;\r\n    font-size: 1em;\r\n    opacity: .9;\r\n  }\r\n  #footer .right-section .lists ul li a {\r\n    text-decoration: none;\r\n    color: #fff;\r\n    line-height: 1.16666667;\r\n    -webkit-transition: color .3s;\r\n    transition: color .3s;\r\n  }\r\n  #footer .right-section .lists ul li a:hover {\r\n    color: #6BB745;\r\n  }\r\n  #footer .right-section .lists ul h2 {\r\n    color: #fff;\r\n    font-size: 1.125em;\r\n    line-height: 1.16666667;\r\n    margin-bottom: 2.05555556em;\r\n    text-transform: uppercase;\r\n    font-weight: bold;\r\n    position: relative;\r\n  }\r\n  #footer .right-section .lists ul h2:before {\r\n    content: '';\r\n    position: absolute;\r\n    display: block;\r\n    height: 0.11111111em;\r\n    width: 5.38888889em;\r\n    background: #6BB745;\r\n    opacity: 1;\r\n    bottom: -0.88888889em;\r\n    left: 0;\r\n  }\r\n  #footer .right-section .buttons {\r\n    display: -webkit-box;\r\n    display: -ms-flexbox;\r\n    display: flex;\r\n    -webkit-box-pack: center;\r\n        -ms-flex-pack: center;\r\n            justify-content: center;\r\n  }\r\n  #footer .right-section .button-solid {\r\n    margin: 0;\r\n    height: 2.94444444em;\r\n    padding-top: 0.16666667em;\r\n    width: 13.88888889em;\r\n  }\r\n  #footer .credit {\r\n    color: #fff;\r\n    width: 96%;\r\n    margin: auto;\r\n    text-align: center;\r\n    margin-top: 6.25em;\r\n    line-height: 2.25em;\r\n    font-size: 1em;\r\n  }\r\n  #footer .credit a {\r\n    color: #6BB745;\r\n    text-decoration: none;\r\n    font-size: 1em;\r\n  }\r\n  #footer .credit a:hover {\r\n    text-decoration: underline;\r\n  }\r\n  #footer .credit .copyright {\r\n    display: block;\r\n    font-size: 1em;\r\n  }\r\n\t#footer .credit .logo img {\r\n    width: auto;\r\n    height: 200px;\r\n  }\r\n\t\r\n}\r\n\/* Small Desktop *\/\r\n@media only screen and (min-width: 64em) {\r\n  #footer {\r\n    font-size: min(1.2vw, 1em);\r\n  }\r\n  #footer .container {\r\n    display: -webkit-box;\r\n    display: -ms-flexbox;\r\n    display: flex;\r\n    -webkit-box-orient: horizontal;\r\n    -webkit-box-direction: normal;\r\n        -ms-flex-direction: row;\r\n            flex-direction: row;\r\n    -ms-flex-wrap: nowrap;\r\n        flex-wrap: nowrap;\r\n    -webkit-box-pack: justify;\r\n        -ms-flex-pack: justify;\r\n            justify-content: space-between;\r\n    width: 96%;\r\n    max-width: 82.5em;\r\n    margin: auto;\r\n    padding: 0;\r\n  }\r\n  #footer .left-section {\r\n    width: 25.5625em;\r\n    margin: 0;\r\n    text-align: left;\r\n  }\r\n  #footer .left-section .logo {\r\n    text-align: left;\r\n    margin-left: 0;\r\n    height: 5.2em;\r\n  }\r\n  #footer .left-section p {\r\n    text-align: left;\r\n    margin-left: 0;\r\n  }\r\n  #footer .right-section {\r\n    margin: 0;\r\n    width: 38.0625em;\r\n    max-width: none;\r\n  }\r\n  #footer .right-section .lists {\r\n    width: 96%;\r\n    max-width: 48.0625em;\r\n    margin: 0;\r\n    max-width: initial;\r\n  }\r\n  #footer .right-section .lists ul:nth-of-type(3) {\r\n    margin-top: 0;\r\n  }\r\n  #footer .right-section .lists ul:nth-of-type(3) li:first-of-type {\r\n    margin-bottom: 0;\r\n  }\r\n  #footer .right-section .lists ul li a {\r\n    position: relative;\r\n  }\r\n  #footer .right-section .lists ul li a:before {\r\n    content: '';\r\n    position: absolute;\r\n    display: block;\r\n    height: 0.11111111em;\r\n    width: 0%;\r\n    background: #fff;\r\n    opacity: 1;\r\n    bottom: -0.16666667em;\r\n    left: 0;\r\n    -webkit-transition: width .3s;\r\n    transition: width .3s;\r\n  }\r\n  #footer .right-section .lists ul li a:hover:before {\r\n    width: 100%;\r\n  }\r\n  #footer .right-section .buttons {\r\n    -webkit-box-pack: start;\r\n        -ms-flex-pack: start;\r\n            justify-content: flex-start;\r\n  }\r\n  #footer .credit .copyright {\r\n    display: inline-block;\r\n  }\r\n\t#footer .credit .logo img {\r\n    width: auto;\r\n    height: 200px;\r\n\r\n  }\r\n}\r\n        <\/style>\r\n\r\n    <\/head>\r\n    <body>\r\n        <footer id=\"footer\">\r\n            <div class=\"container\">\r\n                <div class=\"left-section\">\r\n                    <a class=\"logo\" href=\"https:\/\/ris-ecomove.eu\/index.php\/naslovnica\/\"><img loading=\"lazy\" loading=\"lazy\" decoding=\"async\" src=\"\/wp-content\/uploads\/2025\/01\/RIS ECOMOVE project\/5 Logo - small - variations\/RisEcoMove-Small-Logo-BlueB-Transparent.png\" alt=\"Logo EcoMove small green dots transparent background\" width=\"350\" height=\"120\" title=\"\"><\/a>\r\n                    <p>\r\n                        Put do odr\u017eivih radnih mjesta.\r\n                    <\/p>\r\n                <\/div>\r\n                <div class=\"right-section\">\r\n                    <div class=\"lists\">\r\n                        <ul>\r\n                            <li><h2>Navigacija<\/h2><\/li>\r\n                        <li><a href=\"https:\/\/ris-ecomove.eu\/index.php\/naslovnica\/\">Naslovnica<\/a><\/li>\r\n                        <li><a href=\"https:\/\/ris-ecomove.eu\/index.php\/partneri\/\">Partneri<\/a><\/li>\r\n                        <li><a href=\"https:\/\/ris-ecomove.eu\/index.php\/novosti\/\">Novosti<\/a><\/li>\r\n                        <li><a href=\"https:\/\/ris-ecomove.eu\/index.php\/prijava\/\">Prijava<\/a><\/li>\r\n                        <\/ul>\r\n                        <ul>\r\n                            <li><a href=\"https:\/\/ris-ecomove.eu\/index.php\/programi\/\"><h2>Programi<\/h2><\/a><\/li>\r\n                        <li><a href=\"https:\/\/ris-ecomove.eu\/index.php\/programi\/#Program1\">Program 1<\/a><\/li>\r\n                        <li><a href=\"https:\/\/ris-ecomove.eu\/index.php\/programi\/#Program2\">Program 2<\/a><\/li>\r\n                        <li><a href=\"https:\/\/ris-ecomove.eu\/index.php\/programi\/#Program3\">Program 3<\/a><\/li>\r\n                        <li><a href=\"https:\/\/ris-ecomove.eu\/index.php\/programi\/#Program4\">Program 4<\/a><\/li>\r\n                        <\/ul>\r\n                        <ul>\r\n                            <li><a href=\"https:\/\/ris-ecomove.eu\/index.php\/prijava\/\"><h2>Kontakti<\/h2><\/a><\/li>\r\n                            <li><a href=\"https:\/\/ris-ecomove.eu\/index.php\/prijava\/\">Radujemo se Va\u0161oj poruci!<\/a><\/li>            \r\n                        <\/ul>\r\n                    <\/div>\r\n                <\/div>\r\n            <\/div>\r\n    \r\n            <div class=\"credit\">\r\n                <a class=\"logo\" href=\"https:\/\/www.eiturbanmobility.eu\/\" target=\"_blank\" rel=\"noopener\"><img loading=\"lazy\" loading=\"lazy\" decoding=\"async\" src=\"\/wp-content\/uploads\/2025\/01\/RIS ECOMOVE project\/9 EIT URBAN MOBILITY\/Combination EU1 vertical_1.svg\" alt=\"logo eit urban mobility\" width=\"350\" height=\"120\" title=\"\"><\/a><br>\r\n                <span>Ovaj projekt podr\u017eava EIT Urban Mobility, inicijativa Europskog instituta za inovacije i tehnologiju (EIT), tijela Europske unije. EIT Urban Mobility djeluje na ubrzanju pozitivnih promjena na mobilnosti kako bi gradski prostori bili pogodniji za \u017eivot. Saznajte vi\u0161e na:<\/span>\r\n                <a href=\"https:\/\/www.eiturbanmobility.eu\/\" target=\"_blank\" rel=\"noopener\">eiturbanmobility.eu<\/a>\r\n                <\/div>\r\n        <\/footer>\r\n\r\n    <\/body>\r\n<\/html>\r\n\t\t\t\t<\/div>\n\t\t\t\t<\/div>\n\t\t\t\t<\/div>\n\t\t\t\t<\/div>\n\t\t","protected":false},"excerpt":{"rendered":"<p>Mo\u017ee li odricanje od slu\u017ebenog automobila smanjiti zagu\u0161enja na cestama?<\/p>\n","protected":false},"author":3,"featured_media":1655,"comment_status":"closed","ping_status":"closed","sticky":false,"template":"","format":"standard","meta":{"footnotes":""},"categories":[32],"tags":[31,35,23,30],"ppma_author":[18],"class_list":["post-1653","post","type-post","status-publish","format-standard","has-post-thumbnail","hentry","category-blog_cro","tag-dekarbonizacija","tag-korporativna-mobilnost","tag-ris-ecomove","tag-vozila"],"authors":[{"term_id":18,"user_id":3,"is_guest":0,"slug":"petra-grgasovic-erkon","display_name":"Petra Grgasovi\u0107 (ERKON)","avatar_url":{"url":"https:\/\/ris-ecomove.eu\/wp-content\/uploads\/2025\/02\/Picture-Petra-Grgasovic-CEO.jpg","url2x":"https:\/\/ris-ecomove.eu\/wp-content\/uploads\/2025\/02\/Picture-Petra-Grgasovic-CEO.jpg"},"author_category":"","first_name":"Petra","last_name":"Grgasovi\u0107","user_url":"https:\/\/www.linkedin.com\/in\/petra-grgasovic-3970ba60\/","job_title":"Chief Executive Officer at Erkon","description":""}],"rttpg_featured_image_url":{"full":["https:\/\/ris-ecomove.eu\/wp-content\/uploads\/2025\/02\/shutterstock_1256564314-1.jpg",1000,667,false],"landscape":["https:\/\/ris-ecomove.eu\/wp-content\/uploads\/2025\/02\/shutterstock_1256564314-1.jpg",1000,667,false],"portraits":["https:\/\/ris-ecomove.eu\/wp-content\/uploads\/2025\/02\/shutterstock_1256564314-1.jpg",1000,667,false],"thumbnail":["https:\/\/ris-ecomove.eu\/wp-content\/uploads\/2025\/02\/shutterstock_1256564314-1-150x150.jpg",150,150,true],"medium":["https:\/\/ris-ecomove.eu\/wp-content\/uploads\/2025\/02\/shutterstock_1256564314-1-300x200.jpg",300,200,true],"large":["https:\/\/ris-ecomove.eu\/wp-content\/uploads\/2025\/02\/shutterstock_1256564314-1.jpg",800,534,false],"1536x1536":["https:\/\/ris-ecomove.eu\/wp-content\/uploads\/2025\/02\/shutterstock_1256564314-1.jpg",1000,667,false],"2048x2048":["https:\/\/ris-ecomove.eu\/wp-content\/uploads\/2025\/02\/shutterstock_1256564314-1.jpg",1000,667,false]},"rttpg_author":{"display_name":"Petra Grgasovi\u0107 (ERKON)","author_link":"https:\/\/ris-ecomove.eu\/author\/petra-grgasovic-erkon\/"},"rttpg_comment":0,"rttpg_category":"<a href=\"https:\/\/ris-ecomove.eu\/index.php\/category\/blog_cro\/\" rel=\"category tag\">Blog CRO<\/a>","rttpg_excerpt":"Mo\u017ee li odricanje od slu\u017ebenog automobila smanjiti zagu\u0161enja na cestama?","_links":{"self":[{"href":"https:\/\/ris-ecomove.eu\/index.php\/wp-json\/wp\/v2\/posts\/1653","targetHints":{"allow":["GET"]}}],"collection":[{"href":"https:\/\/ris-ecomove.eu\/index.php\/wp-json\/wp\/v2\/posts"}],"about":[{"href":"https:\/\/ris-ecomove.eu\/index.php\/wp-json\/wp\/v2\/types\/post"}],"author":[{"embeddable":true,"href":"https:\/\/ris-ecomove.eu\/index.php\/wp-json\/wp\/v2\/users\/3"}],"replies":[{"embeddable":true,"href":"https:\/\/ris-ecomove.eu\/index.php\/wp-json\/wp\/v2\/comments?post=1653"}],"version-history":[{"count":40,"href":"https:\/\/ris-ecomove.eu\/index.php\/wp-json\/wp\/v2\/posts\/1653\/revisions"}],"predecessor-version":[{"id":2100,"href":"https:\/\/ris-ecomove.eu\/index.php\/wp-json\/wp\/v2\/posts\/1653\/revisions\/2100"}],"wp:featuredmedia":[{"embeddable":true,"href":"https:\/\/ris-ecomove.eu\/index.php\/wp-json\/wp\/v2\/media\/1655"}],"wp:attachment":[{"href":"https:\/\/ris-ecomove.eu\/index.php\/wp-json\/wp\/v2\/media?parent=1653"}],"wp:term":[{"taxonomy":"category","embeddable":true,"href":"https:\/\/ris-ecomove.eu\/index.php\/wp-json\/wp\/v2\/categories?post=1653"},{"taxonomy":"post_tag","embeddable":true,"href":"https:\/\/ris-ecomove.eu\/index.php\/wp-json\/wp\/v2\/tags?post=1653"},{"taxonomy":"author","embeddable":true,"href":"https:\/\/ris-ecomove.eu\/index.php\/wp-json\/wp\/v2\/ppma_author?post=1653"}],"curies":[{"name":"wp","href":"https:\/\/api.w.org\/{rel}","templated":true}]}}